{"id":12143,"date":"2019-12-09T13:06:04","date_gmt":"2019-12-09T12:06:04","guid":{"rendered":"https:\/\/blogs.elcomercio.es\/reflexiones-de-belarmino\/?p=12143"},"modified":"2019-12-09T13:06:04","modified_gmt":"2019-12-09T12:06:04","slug":"el-embajador-que-se-robo-un-libro-de-10-euros-destituido-y-obligado-a-devolverlo-a-argentina","status":"publish","type":"post","link":"https:\/\/blogs.elcomercio.es\/reflexiones-de-belarmino\/2019\/12\/09\/el-embajador-que-se-robo-un-libro-de-10-euros-destituido-y-obligado-a-devolverlo-a-argentina\/","title":{"rendered":"\u00a1\u00a1EL EMBAJADOR QUE SE ROB\u00d2 UN LIBRO DE 10 EUROS, DESTITUIDO Y OBLIGADO A DEVOLVERLO A ARGENTINA !!"},"content":{"rendered":"<p><strong>Hay principios, y hay que ser implacables en su defensa.El ex-embajador de M\u00e8xico en Argentina,Ricardo Valero, fu\u00e8 captado por una camara de una librer\u00eca robandose un libro\u00a0 cuyo valor era 10 euros.<br \/>\n<\/strong><\/p>\n<p><strong>Cuando se recibi\u00f2 la noticia en M\u00e8xico, se oblig\u00f2 al embajador Valero a que volviese a Buenos Aires, a pagar aquel libro, y acaba de causar baja con deshonor del cuerpo diplom\u00e0tico del pa\u00ecs.<br \/>\n<\/strong><\/p>\n<p><strong>Los principios, son los principios.<\/strong><\/p>\n<!-- AddThis Advanced Settings generic via filter on the_content --><!-- AddThis Share Buttons generic via filter on the_content -->","protected":false},"excerpt":{"rendered":"<p>Hay principios, y hay que ser implacables en su defensa.El ex-embajador de M\u00e8xico en Argentina,Ricardo Valero, fu\u00e8 captado por una camara de una librer\u00eca robandose un libro\u00a0 cuyo valor era 10 euros. Cuando se recibi\u00f2 la noticia en M\u00e8xico, se oblig\u00f2 al embajador Valero a que volviese a Buenos Aires, a pagar aquel libro, y [&hellip;]<!-- AddThis Advanced Settings generic via filter on get_the_excerpt --><!-- AddThis Share Buttons generic via filter on get_the_excerpt --><\/p>\n","protected":false},"author":16,"featured_media":0,"comment_status":"open","ping_status":"closed","sticky":false,"template":"","format":"standard","meta":[],"categories":[1],"tags":[],"_links":{"self":[{"href":"https:\/\/blogs.elcomercio.es\/reflexiones-de-belarmino\/wp-json\/wp\/v2\/posts\/12143"}],"collection":[{"href":"https:\/\/blogs.elcomercio.es\/reflexiones-de-belarmino\/wp-json\/wp\/v2\/posts"}],"about":[{"href":"https:\/\/blogs.elcomercio.es\/reflexiones-de-belarmino\/wp-json\/wp\/v2\/types\/post"}],"author":[{"embeddable":true,"href":"https:\/\/blogs.elcomercio.es\/reflexiones-de-belarmino\/wp-json\/wp\/v2\/users\/16"}],"replies":[{"embeddable":true,"href":"https:\/\/blogs.elcomercio.es\/reflexiones-de-belarmino\/wp-json\/wp\/v2\/comments?post=12143"}],"version-history":[{"count":2,"href":"https:\/\/blogs.elcomercio.es\/reflexiones-de-belarmino\/wp-json\/wp\/v2\/posts\/12143\/revisions"}],"predecessor-version":[{"id":12145,"href":"https:\/\/blogs.elcomercio.es\/reflexiones-de-belarmino\/wp-json\/wp\/v2\/posts\/12143\/revisions\/12145"}],"wp:attachment":[{"href":"https:\/\/blogs.elcomercio.es\/reflexiones-de-belarmino\/wp-json\/wp\/v2\/media?parent=12143"}],"wp:term":[{"taxonomy":"category","embeddable":true,"href":"https:\/\/blogs.elcomercio.es\/reflexiones-de-belarmino\/wp-json\/wp\/v2\/categories?post=12143"},{"taxonomy":"post_tag","embeddable":true,"href":"https:\/\/blogs.elcomercio.es\/reflexiones-de-belarmino\/wp-json\/wp\/v2\/tags?post=12143"}],"curies":[{"name":"wp","href":"https:\/\/api.w.org\/{rel}","templated":true}]}}