{"id":12168,"date":"2019-12-10T14:52:39","date_gmt":"2019-12-10T13:52:39","guid":{"rendered":"https:\/\/blogs.elcomercio.es\/reflexiones-de-belarmino\/?p=12168"},"modified":"2019-12-10T14:52:39","modified_gmt":"2019-12-10T13:52:39","slug":"tras-de-una-reunion-secreta-ayer-en-barcelona-entre-psoe-y-erc-en-la-reunion-de-hoy-de-3-horas-avanzan","status":"publish","type":"post","link":"https:\/\/blogs.elcomercio.es\/reflexiones-de-belarmino\/2019\/12\/10\/tras-de-una-reunion-secreta-ayer-en-barcelona-entre-psoe-y-erc-en-la-reunion-de-hoy-de-3-horas-avanzan\/","title":{"rendered":"\u00a1\u00a1TRAS DE UNA REUNION SECRETA AYER EN BARCELONA ENTRE PSOE Y ERC, EN LA REUNION DE HOY DE 3 HORAS, AVANZAN !!"},"content":{"rendered":"<p><strong>Hace una hora que termin\u00f2 la tercera reunion entre el PSOE y ERC, para buscar un acuerdo cara a la formaci\u00f2n de Gobierno.Dur\u00f2 tres horas y media y al finalizar\u00a0 en un comunicado conjunto indican que est\u00e0n sentadas las bases para un acuerdo.<\/strong><\/p>\n<p><strong>Si ello nos hac\u00eca optimistas, m\u00e0s el hecho de saber que anoche en Barcelona hubo una reuni\u00f2n secreta entre ambas delegaciones.Una decisi\u00f2n de JxC hoy en el Parlamento a favor de no perjudicar a ERC, parece indicar que claramente vamos a formar gobierno, y aunque se diga que no hay prisa es posible que sea este a\u00f1o, quiz\u00e0s antes de fin de a\u00f1o.<\/strong><\/p>\n<p><strong>Oportunistamente, In\u00e8s Arrimadas, que no aprendi\u00f2 mucho de su paso con Rivera, presentar\u00e0 posiblemente en su visita con el Jefe del Estado, su abstenci\u00f2n para evitar que sean los independentistas el fiel de laa balanza.\u00bf Se tragar\u00e0 que con Pablo IGlesias, nunca?;\u00bf no incorporar\u00e0 que ellos y el PP absteniendose podr\u00eca formar gobierno con el PSOE?.<\/strong><\/p>\n<p><strong>Pero la derecha llega tarde. Todo est\u00e0, muy bien manejado por Sanchez e Iglesias, con toda prudencia, listo para el gobierno de Coalici\u00f2n.<\/strong><\/p>\n<p><strong>Tantas y tanas zancadillas, enfrentamientos gritos, posici\u00f2n de empresarios no servir\u00e0n de nada para la mayor\u00eca social y politica que llegar\u00e0 al gobierno, siguiendo las orientaciones de los electores el 10 de noviembre.<\/strong><\/p>\n<p><strong>Para los expertos, mejor formarlo en diciembre de 2019, que en enero del 2020.<\/strong><\/p>\n<p>&nbsp;<\/p>\n<!-- AddThis Advanced Settings generic via filter on the_content --><!-- AddThis Share Buttons generic via filter on the_content -->","protected":false},"excerpt":{"rendered":"<p>Hace una hora que termin\u00f2 la tercera reunion entre el PSOE y ERC, para buscar un acuerdo cara a la formaci\u00f2n de Gobierno.Dur\u00f2 tres horas y media y al finalizar\u00a0 en un comunicado conjunto indican que est\u00e0n sentadas las bases para un acuerdo. Si ello nos hac\u00eca optimistas, m\u00e0s el hecho de saber que anoche [&hellip;]<!-- AddThis Advanced Settings generic via filter on get_the_excerpt --><!-- AddThis Share Buttons generic via filter on get_the_excerpt --><\/p>\n","protected":false},"author":16,"featured_media":0,"comment_status":"open","ping_status":"closed","sticky":false,"template":"","format":"standard","meta":[],"categories":[1],"tags":[],"_links":{"self":[{"href":"https:\/\/blogs.elcomercio.es\/reflexiones-de-belarmino\/wp-json\/wp\/v2\/posts\/12168"}],"collection":[{"href":"https:\/\/blogs.elcomercio.es\/reflexiones-de-belarmino\/wp-json\/wp\/v2\/posts"}],"about":[{"href":"https:\/\/blogs.elcomercio.es\/reflexiones-de-belarmino\/wp-json\/wp\/v2\/types\/post"}],"author":[{"embeddable":true,"href":"https:\/\/blogs.elcomercio.es\/reflexiones-de-belarmino\/wp-json\/wp\/v2\/users\/16"}],"replies":[{"embeddable":true,"href":"https:\/\/blogs.elcomercio.es\/reflexiones-de-belarmino\/wp-json\/wp\/v2\/comments?post=12168"}],"version-history":[{"count":3,"href":"https:\/\/blogs.elcomercio.es\/reflexiones-de-belarmino\/wp-json\/wp\/v2\/posts\/12168\/revisions"}],"predecessor-version":[{"id":12171,"href":"https:\/\/blogs.elcomercio.es\/reflexiones-de-belarmino\/wp-json\/wp\/v2\/posts\/12168\/revisions\/12171"}],"wp:attachment":[{"href":"https:\/\/blogs.elcomercio.es\/reflexiones-de-belarmino\/wp-json\/wp\/v2\/media?parent=12168"}],"wp:term":[{"taxonomy":"category","embeddable":true,"href":"https:\/\/blogs.elcomercio.es\/reflexiones-de-belarmino\/wp-json\/wp\/v2\/categories?post=12168"},{"taxonomy":"post_tag","embeddable":true,"href":"https:\/\/blogs.elcomercio.es\/reflexiones-de-belarmino\/wp-json\/wp\/v2\/tags?post=12168"}],"curies":[{"name":"wp","href":"https:\/\/api.w.org\/{rel}","templated":true}]}}