{"id":12172,"date":"2019-12-10T15:05:21","date_gmt":"2019-12-10T14:05:21","guid":{"rendered":"https:\/\/blogs.elcomercio.es\/reflexiones-de-belarmino\/?p=12172"},"modified":"2019-12-10T15:05:21","modified_gmt":"2019-12-10T14:05:21","slug":"phillippe-martinez-tiene-en-jaque-a-macron-y-a-francia","status":"publish","type":"post","link":"https:\/\/blogs.elcomercio.es\/reflexiones-de-belarmino\/2019\/12\/10\/phillippe-martinez-tiene-en-jaque-a-macron-y-a-francia\/","title":{"rendered":"\u00a1\u00a1 PHILLIPPE MARTINEZ, TIENE EN JAQUE A MACRON Y A FRANCIA !!"},"content":{"rendered":"<p><strong>Cuando la CGT francesa fue fundada en Limoges, Francia en 1895, y convertida con el tiempo en la m\u00e0s poderosa central sindical de Francia, no se imagin\u00f2 que el nieto de uno de aquellos refugiados espa\u00f1oles tras el levantamiento militar de Franco en 1936, iba a ser uno de sus m\u00e0s poderosos secretarios generales: Phillipe Mart\u00ecnez.<\/strong><\/p>\n<p><strong>Pues este hombre que tiene en su oficina en Par\u00ecs la bandera republicana espa\u00f1ola y fotografia del Che Guevara, es el hombre que ha dirigido las \u00f9ltimas luchas del pueblo frances en defensa de las pensiones y de los derechos sociales de los trabajadores y que tiene en jaque a Emannuel Macr\u00f2n, cuya popularidad est\u00e0 hoy tres cuatro meses de millones en las calles, con una popularidad del 20 %.<\/strong><\/p>\n<p><strong>Claro, hay que reconocer que pueblos como el franc\u00e8s, pocos, y ah\u00ec esta la Revoluci\u00f2n que acab\u00f2 con una etapa de la historia de la humanidad.Cuanto dar\u00ecamos en Espa\u00f1a por un lider as\u00ec, y no las caricaturas de sindicatos que son hoy la UGT y Comisiones Obreras.<\/strong><\/p>\n<p><strong>Lo forjaron unos abuelos y padres que lucharon contra el franquismo, y que tuvieron que exilarse en Francia.<\/strong><\/p>\n<!-- AddThis Advanced Settings generic via filter on the_content --><!-- AddThis Share Buttons generic via filter on the_content -->","protected":false},"excerpt":{"rendered":"<p>Cuando la CGT francesa fue fundada en Limoges, Francia en 1895, y convertida con el tiempo en la m\u00e0s poderosa central sindical de Francia, no se imagin\u00f2 que el nieto de uno de aquellos refugiados espa\u00f1oles tras el levantamiento militar de Franco en 1936, iba a ser uno de sus m\u00e0s poderosos secretarios generales: Phillipe [&hellip;]<!-- AddThis Advanced Settings generic via filter on get_the_excerpt --><!-- AddThis Share Buttons generic via filter on get_the_excerpt --><\/p>\n","protected":false},"author":16,"featured_media":0,"comment_status":"open","ping_status":"closed","sticky":false,"template":"","format":"standard","meta":[],"categories":[1],"tags":[],"_links":{"self":[{"href":"https:\/\/blogs.elcomercio.es\/reflexiones-de-belarmino\/wp-json\/wp\/v2\/posts\/12172"}],"collection":[{"href":"https:\/\/blogs.elcomercio.es\/reflexiones-de-belarmino\/wp-json\/wp\/v2\/posts"}],"about":[{"href":"https:\/\/blogs.elcomercio.es\/reflexiones-de-belarmino\/wp-json\/wp\/v2\/types\/post"}],"author":[{"embeddable":true,"href":"https:\/\/blogs.elcomercio.es\/reflexiones-de-belarmino\/wp-json\/wp\/v2\/users\/16"}],"replies":[{"embeddable":true,"href":"https:\/\/blogs.elcomercio.es\/reflexiones-de-belarmino\/wp-json\/wp\/v2\/comments?post=12172"}],"version-history":[{"count":3,"href":"https:\/\/blogs.elcomercio.es\/reflexiones-de-belarmino\/wp-json\/wp\/v2\/posts\/12172\/revisions"}],"predecessor-version":[{"id":12175,"href":"https:\/\/blogs.elcomercio.es\/reflexiones-de-belarmino\/wp-json\/wp\/v2\/posts\/12172\/revisions\/12175"}],"wp:attachment":[{"href":"https:\/\/blogs.elcomercio.es\/reflexiones-de-belarmino\/wp-json\/wp\/v2\/media?parent=12172"}],"wp:term":[{"taxonomy":"category","embeddable":true,"href":"https:\/\/blogs.elcomercio.es\/reflexiones-de-belarmino\/wp-json\/wp\/v2\/categories?post=12172"},{"taxonomy":"post_tag","embeddable":true,"href":"https:\/\/blogs.elcomercio.es\/reflexiones-de-belarmino\/wp-json\/wp\/v2\/tags?post=12172"}],"curies":[{"name":"wp","href":"https:\/\/api.w.org\/{rel}","templated":true}]}}