{"id":12176,"date":"2019-12-10T15:24:01","date_gmt":"2019-12-10T14:24:01","guid":{"rendered":"https:\/\/blogs.elcomercio.es\/reflexiones-de-belarmino\/?p=12176"},"modified":"2019-12-10T15:24:01","modified_gmt":"2019-12-10T14:24:01","slug":"acuerdo-final-del-t-mec-se-firma-hoy-en-palacio-nacional-de-la-ciudad-de-mexico","status":"publish","type":"post","link":"https:\/\/blogs.elcomercio.es\/reflexiones-de-belarmino\/2019\/12\/10\/acuerdo-final-del-t-mec-se-firma-hoy-en-palacio-nacional-de-la-ciudad-de-mexico\/","title":{"rendered":"\u00a1\u00a1ACUERDO FINAL DEL T MEC.- SE FIRMA HOY EN PALACIO NACIONAL DE LA CIUDAD DE M\u00c8XICO !!"},"content":{"rendered":"<p><strong>Tras dos a\u00f1os de discusiones; tras los obst\u00e0culos del Congreso de los Estados Unidos, el d\u00eca de hoy en Palacio Nacional de la ciudad de M\u00e8xico se firma el\u00a0 T MEC (TRATADO COMERCIAL ENTRE MEXICO-ESTADOS UNIDOS Y CANADA ), el mayor del mundo.<\/strong><\/p>\n<p><strong>Estos \u00f9ltimos d\u00ecas han sido fren\u00e8ticos, pero el fin de semana se llegaron a acuerdos en Washington, y para sorpresa de muchos, entre ellos este autor, hoy 10 de diciembre de 2019, se firma en el Palacio Nacional, en el Zocalo de la capital del pa\u00ecs, por parte de los representantes de los tres paises, el T MEC que substituye al Tratado de Libre Comercio entre Estados Unidos, Canad\u00e0 y M\u00e8xico, vigente 18 a\u00f1os.<\/strong><\/p>\n<p><strong>De la m\u00e0xima importancia para los tres paises, pero sobre todo para M\u00e8xico y su proceso de transformaci\u00f2n de la Naci\u00f2n, encabezado por el Presidente Andr\u00e8s Manuel L\u00f2pez Obrador.<\/strong><\/p>\n<!-- AddThis Advanced Settings generic via filter on the_content --><!-- AddThis Share Buttons generic via filter on the_content -->","protected":false},"excerpt":{"rendered":"<p>Tras dos a\u00f1os de discusiones; tras los obst\u00e0culos del Congreso de los Estados Unidos, el d\u00eca de hoy en Palacio Nacional de la ciudad de M\u00e8xico se firma el\u00a0 T MEC (TRATADO COMERCIAL ENTRE MEXICO-ESTADOS UNIDOS Y CANADA ), el mayor del mundo. Estos \u00f9ltimos d\u00ecas han sido fren\u00e8ticos, pero el fin de semana se [&hellip;]<!-- AddThis Advanced Settings generic via filter on get_the_excerpt --><!-- AddThis Share Buttons generic via filter on get_the_excerpt --><\/p>\n","protected":false},"author":16,"featured_media":0,"comment_status":"open","ping_status":"closed","sticky":false,"template":"","format":"standard","meta":[],"categories":[1],"tags":[],"_links":{"self":[{"href":"https:\/\/blogs.elcomercio.es\/reflexiones-de-belarmino\/wp-json\/wp\/v2\/posts\/12176"}],"collection":[{"href":"https:\/\/blogs.elcomercio.es\/reflexiones-de-belarmino\/wp-json\/wp\/v2\/posts"}],"about":[{"href":"https:\/\/blogs.elcomercio.es\/reflexiones-de-belarmino\/wp-json\/wp\/v2\/types\/post"}],"author":[{"embeddable":true,"href":"https:\/\/blogs.elcomercio.es\/reflexiones-de-belarmino\/wp-json\/wp\/v2\/users\/16"}],"replies":[{"embeddable":true,"href":"https:\/\/blogs.elcomercio.es\/reflexiones-de-belarmino\/wp-json\/wp\/v2\/comments?post=12176"}],"version-history":[{"count":2,"href":"https:\/\/blogs.elcomercio.es\/reflexiones-de-belarmino\/wp-json\/wp\/v2\/posts\/12176\/revisions"}],"predecessor-version":[{"id":12178,"href":"https:\/\/blogs.elcomercio.es\/reflexiones-de-belarmino\/wp-json\/wp\/v2\/posts\/12176\/revisions\/12178"}],"wp:attachment":[{"href":"https:\/\/blogs.elcomercio.es\/reflexiones-de-belarmino\/wp-json\/wp\/v2\/media?parent=12176"}],"wp:term":[{"taxonomy":"category","embeddable":true,"href":"https:\/\/blogs.elcomercio.es\/reflexiones-de-belarmino\/wp-json\/wp\/v2\/categories?post=12176"},{"taxonomy":"post_tag","embeddable":true,"href":"https:\/\/blogs.elcomercio.es\/reflexiones-de-belarmino\/wp-json\/wp\/v2\/tags?post=12176"}],"curies":[{"name":"wp","href":"https:\/\/api.w.org\/{rel}","templated":true}]}}