{"id":12179,"date":"2019-12-10T16:37:14","date_gmt":"2019-12-10T15:37:14","guid":{"rendered":"https:\/\/blogs.elcomercio.es\/reflexiones-de-belarmino\/?p=12179"},"modified":"2019-12-10T16:37:14","modified_gmt":"2019-12-10T15:37:14","slug":"pablo-gentilli-el-artifice-del-cambio-de-pablo-iglesiassu-jefe-de-gabinete-se-va-a-argentina-como-ministro-de-fernandez","status":"publish","type":"post","link":"https:\/\/blogs.elcomercio.es\/reflexiones-de-belarmino\/2019\/12\/10\/pablo-gentilli-el-artifice-del-cambio-de-pablo-iglesiassu-jefe-de-gabinete-se-va-a-argentina-como-ministro-de-fernandez\/","title":{"rendered":"\u00a1\u00a1PABLO GENTILLI EL ARTIFICE DEL CAMBIO DE PABLO IGLESIAS,SU JEFE DE GABINETE, SE VA A ARGENTINA COMO MINISTRO DE FERNANDEZ !!"},"content":{"rendered":"<p><strong>Hace unos meses apareci\u00f2 como Jefe de Gabinete de Unidas Podemos, un hombre hispano- argentino que hab\u00eca sido el mediador de las FARC en Colombia.En el silencio, quiz\u00e0s orient\u00f2 a Pablo Iglesias que necesitaba volver a su origen, con m\u00e0s modestia, en silencio y fu\u00e8 con \u00e8l y Ivan Redondo el guru de Pedro S\u00e0nchez, los que hicieron posible,con su experiencia que en menos de 48 horas hubiera el acuerdo PSOE-UP, y el abrazo Sanchez-Iglesias.<\/strong><\/p>\n<p><strong>\u00bf Que hab\u00eca pasado ? nos preguntabamos todos. Y de ah\u00ec surgi\u00f2 el nuevo gobierno de coalici\u00f2n en Espa\u00f1a que pronto tomar\u00e0 posesi\u00f2n.<\/strong><\/p>\n<p><strong>Hoy lo supimos, hace una hora. Pablo Gentilli, el hispano argentino que era el Jefe de Gabinete de Pablo Iglesias, renunciaba al recibir el ofrecimiento de Alberto Fern\u00e0ndez nuevo presidente de Argentina de incoporarse como Ministro a su Gobierno.<\/strong><\/p>\n<p><strong>De ese tama\u00f1o era Pablo Gentilli( 56 a\u00f1os), que al despedirse con el mejor cari\u00f1o de Iglesias y de Irene Montero, se congratulaba del trabajo con Ivan Redondo, para formar el nuevo gobierno de Coalici\u00f2n en Espa\u00f1a.<\/strong><\/p>\n<!-- AddThis Advanced Settings generic via filter on the_content --><!-- AddThis Share Buttons generic via filter on the_content -->","protected":false},"excerpt":{"rendered":"<p>Hace unos meses apareci\u00f2 como Jefe de Gabinete de Unidas Podemos, un hombre hispano- argentino que hab\u00eca sido el mediador de las FARC en Colombia.En el silencio, quiz\u00e0s orient\u00f2 a Pablo Iglesias que necesitaba volver a su origen, con m\u00e0s modestia, en silencio y fu\u00e8 con \u00e8l y Ivan Redondo el guru de Pedro S\u00e0nchez, [&hellip;]<!-- AddThis Advanced Settings generic via filter on get_the_excerpt --><!-- AddThis Share Buttons generic via filter on get_the_excerpt --><\/p>\n","protected":false},"author":16,"featured_media":0,"comment_status":"open","ping_status":"closed","sticky":false,"template":"","format":"standard","meta":[],"categories":[1],"tags":[],"_links":{"self":[{"href":"https:\/\/blogs.elcomercio.es\/reflexiones-de-belarmino\/wp-json\/wp\/v2\/posts\/12179"}],"collection":[{"href":"https:\/\/blogs.elcomercio.es\/reflexiones-de-belarmino\/wp-json\/wp\/v2\/posts"}],"about":[{"href":"https:\/\/blogs.elcomercio.es\/reflexiones-de-belarmino\/wp-json\/wp\/v2\/types\/post"}],"author":[{"embeddable":true,"href":"https:\/\/blogs.elcomercio.es\/reflexiones-de-belarmino\/wp-json\/wp\/v2\/users\/16"}],"replies":[{"embeddable":true,"href":"https:\/\/blogs.elcomercio.es\/reflexiones-de-belarmino\/wp-json\/wp\/v2\/comments?post=12179"}],"version-history":[{"count":2,"href":"https:\/\/blogs.elcomercio.es\/reflexiones-de-belarmino\/wp-json\/wp\/v2\/posts\/12179\/revisions"}],"predecessor-version":[{"id":12181,"href":"https:\/\/blogs.elcomercio.es\/reflexiones-de-belarmino\/wp-json\/wp\/v2\/posts\/12179\/revisions\/12181"}],"wp:attachment":[{"href":"https:\/\/blogs.elcomercio.es\/reflexiones-de-belarmino\/wp-json\/wp\/v2\/media?parent=12179"}],"wp:term":[{"taxonomy":"category","embeddable":true,"href":"https:\/\/blogs.elcomercio.es\/reflexiones-de-belarmino\/wp-json\/wp\/v2\/categories?post=12179"},{"taxonomy":"post_tag","embeddable":true,"href":"https:\/\/blogs.elcomercio.es\/reflexiones-de-belarmino\/wp-json\/wp\/v2\/tags?post=12179"}],"curies":[{"name":"wp","href":"https:\/\/api.w.org\/{rel}","templated":true}]}}