{"id":12182,"date":"2019-12-10T19:28:22","date_gmt":"2019-12-10T18:28:22","guid":{"rendered":"https:\/\/blogs.elcomercio.es\/reflexiones-de-belarmino\/?p=12182"},"modified":"2019-12-10T19:28:22","modified_gmt":"2019-12-10T18:28:22","slug":"timmermans-el-green-new-deal-que-aprobaremos-manana-en-europa-busca-reducir-a-0-en-2050-las-emisiones-gases-invernadero","status":"publish","type":"post","link":"https:\/\/blogs.elcomercio.es\/reflexiones-de-belarmino\/2019\/12\/10\/timmermans-el-green-new-deal-que-aprobaremos-manana-en-europa-busca-reducir-a-0-en-2050-las-emisiones-gases-invernadero\/","title":{"rendered":"\u00a1\u00a1 TIMMERMANS: &#8221; EL GREEN NEW DEAL &#8221; QUE APROBAREMOS MA\u00d1ANA EN EUROPA BUSCA REDUCIR A &#8220;0&#8221; EN 2050 LAS EMISIONES GASES INVERNADERO !!"},"content":{"rendered":"<p><strong>El responsable del clima en la Uni\u00f2n Europea, Fran Timmermans, austriaco que era el candidadto socialista a presidir el Consejo de Europa acaba de declarar;<\/strong><\/p>\n<p><strong>&#8221; EL GREEN NEW DEAL\u00a0 QUE PRESENTAREMOS MA\u00d1ANA A LOS 27 BUSCA QUE EN EUROPA EN EL A\u00d1O 2050, HAYA QUEDADO REDUCIDA A CERO LA EMISI\u00d2N DE LOS GASES CONTAMINANTES&#8221;<\/strong><\/p>\n<!-- AddThis Advanced Settings generic via filter on the_content --><!-- AddThis Share Buttons generic via filter on the_content -->","protected":false},"excerpt":{"rendered":"<p>El responsable del clima en la Uni\u00f2n Europea, Fran Timmermans, austriaco que era el candidadto socialista a presidir el Consejo de Europa acaba de declarar; &#8221; EL GREEN NEW DEAL\u00a0 QUE PRESENTAREMOS MA\u00d1ANA A LOS 27 BUSCA QUE EN EUROPA EN EL A\u00d1O 2050, HAYA QUEDADO REDUCIDA A CERO LA EMISI\u00d2N DE LOS GASES CONTAMINANTES&#8221;<!-- AddThis Advanced Settings generic via filter on get_the_excerpt --><!-- AddThis Share Buttons generic via filter on get_the_excerpt --><\/p>\n","protected":false},"author":16,"featured_media":0,"comment_status":"open","ping_status":"closed","sticky":false,"template":"","format":"standard","meta":[],"categories":[1],"tags":[],"_links":{"self":[{"href":"https:\/\/blogs.elcomercio.es\/reflexiones-de-belarmino\/wp-json\/wp\/v2\/posts\/12182"}],"collection":[{"href":"https:\/\/blogs.elcomercio.es\/reflexiones-de-belarmino\/wp-json\/wp\/v2\/posts"}],"about":[{"href":"https:\/\/blogs.elcomercio.es\/reflexiones-de-belarmino\/wp-json\/wp\/v2\/types\/post"}],"author":[{"embeddable":true,"href":"https:\/\/blogs.elcomercio.es\/reflexiones-de-belarmino\/wp-json\/wp\/v2\/users\/16"}],"replies":[{"embeddable":true,"href":"https:\/\/blogs.elcomercio.es\/reflexiones-de-belarmino\/wp-json\/wp\/v2\/comments?post=12182"}],"version-history":[{"count":2,"href":"https:\/\/blogs.elcomercio.es\/reflexiones-de-belarmino\/wp-json\/wp\/v2\/posts\/12182\/revisions"}],"predecessor-version":[{"id":12184,"href":"https:\/\/blogs.elcomercio.es\/reflexiones-de-belarmino\/wp-json\/wp\/v2\/posts\/12182\/revisions\/12184"}],"wp:attachment":[{"href":"https:\/\/blogs.elcomercio.es\/reflexiones-de-belarmino\/wp-json\/wp\/v2\/media?parent=12182"}],"wp:term":[{"taxonomy":"category","embeddable":true,"href":"https:\/\/blogs.elcomercio.es\/reflexiones-de-belarmino\/wp-json\/wp\/v2\/categories?post=12182"},{"taxonomy":"post_tag","embeddable":true,"href":"https:\/\/blogs.elcomercio.es\/reflexiones-de-belarmino\/wp-json\/wp\/v2\/tags?post=12182"}],"curies":[{"name":"wp","href":"https:\/\/api.w.org\/{rel}","templated":true}]}}