{"id":12185,"date":"2019-12-10T19:36:30","date_gmt":"2019-12-10T18:36:30","guid":{"rendered":"https:\/\/blogs.elcomercio.es\/reflexiones-de-belarmino\/?p=12185"},"modified":"2019-12-10T19:36:30","modified_gmt":"2019-12-10T18:36:30","slug":"estoy-aqui-por-que-no-esta-trump-bloomberg","status":"publish","type":"post","link":"https:\/\/blogs.elcomercio.es\/reflexiones-de-belarmino\/2019\/12\/10\/estoy-aqui-por-que-no-esta-trump-bloomberg\/","title":{"rendered":"\u00a1\u00a1 &#8221; ESTOY AQU\u00cc POR QUE NO EST\u00c0 TRUMP&#8221;: BLOOMBERG !!"},"content":{"rendered":"<p><strong>El hombre que cuando Trump decidi\u00f2\u00a0 que Estados Unidos no se adherir\u00eca al Pacto de la Cumbre de Par\u00ecs, &#8221; por que el Cambio Clim\u00e0tico es una invenci\u00f2n de los chinos para debilitarnos&#8221;, decidid\u00f2 pagar de su bolsillo los 4.5 millones de d\u00f2lares anuales que es la cuota de su pa\u00ecs, se encuentra en Madrid en la Cumbre del Cambio Clim\u00e0tico.<\/strong><\/p>\n<p><strong>Blomberg uno de los hombres m\u00e0s poderosos y rico de los EE:UU con 54,000 millones de d\u00f2lares, decidi\u00f2 hace una semana presentarse contra Donald Trump.<\/strong><\/p>\n<p><strong>Mantiene, como Nancy Pelossi, que &#8221; nosotros seguimos estando en el acuerdo de la Cumbre de Par\u00ecs&#8221; y asiste desde hoy a la Cumbre de Par\u00ecs donde en los pr\u00f2ximos dos d\u00ecas asistir\u00e0n todos los cancilleres de los 105 paises, para que cada quien explique en que forma va a ayudar, en lo concreto a la lucha contra el Cambio Clim\u00e0tico.<\/strong><\/p>\n<!-- AddThis Advanced Settings generic via filter on the_content --><!-- AddThis Share Buttons generic via filter on the_content -->","protected":false},"excerpt":{"rendered":"<p>El hombre que cuando Trump decidi\u00f2\u00a0 que Estados Unidos no se adherir\u00eca al Pacto de la Cumbre de Par\u00ecs, &#8221; por que el Cambio Clim\u00e0tico es una invenci\u00f2n de los chinos para debilitarnos&#8221;, decidid\u00f2 pagar de su bolsillo los 4.5 millones de d\u00f2lares anuales que es la cuota de su pa\u00ecs, se encuentra en Madrid [&hellip;]<!-- AddThis Advanced Settings generic via filter on get_the_excerpt --><!-- AddThis Share Buttons generic via filter on get_the_excerpt --><\/p>\n","protected":false},"author":16,"featured_media":0,"comment_status":"open","ping_status":"closed","sticky":false,"template":"","format":"standard","meta":[],"categories":[1],"tags":[],"_links":{"self":[{"href":"https:\/\/blogs.elcomercio.es\/reflexiones-de-belarmino\/wp-json\/wp\/v2\/posts\/12185"}],"collection":[{"href":"https:\/\/blogs.elcomercio.es\/reflexiones-de-belarmino\/wp-json\/wp\/v2\/posts"}],"about":[{"href":"https:\/\/blogs.elcomercio.es\/reflexiones-de-belarmino\/wp-json\/wp\/v2\/types\/post"}],"author":[{"embeddable":true,"href":"https:\/\/blogs.elcomercio.es\/reflexiones-de-belarmino\/wp-json\/wp\/v2\/users\/16"}],"replies":[{"embeddable":true,"href":"https:\/\/blogs.elcomercio.es\/reflexiones-de-belarmino\/wp-json\/wp\/v2\/comments?post=12185"}],"version-history":[{"count":1,"href":"https:\/\/blogs.elcomercio.es\/reflexiones-de-belarmino\/wp-json\/wp\/v2\/posts\/12185\/revisions"}],"predecessor-version":[{"id":12186,"href":"https:\/\/blogs.elcomercio.es\/reflexiones-de-belarmino\/wp-json\/wp\/v2\/posts\/12185\/revisions\/12186"}],"wp:attachment":[{"href":"https:\/\/blogs.elcomercio.es\/reflexiones-de-belarmino\/wp-json\/wp\/v2\/media?parent=12185"}],"wp:term":[{"taxonomy":"category","embeddable":true,"href":"https:\/\/blogs.elcomercio.es\/reflexiones-de-belarmino\/wp-json\/wp\/v2\/categories?post=12185"},{"taxonomy":"post_tag","embeddable":true,"href":"https:\/\/blogs.elcomercio.es\/reflexiones-de-belarmino\/wp-json\/wp\/v2\/tags?post=12185"}],"curies":[{"name":"wp","href":"https:\/\/api.w.org\/{rel}","templated":true}]}}