{"id":12187,"date":"2019-12-10T19:52:27","date_gmt":"2019-12-10T18:52:27","guid":{"rendered":"https:\/\/blogs.elcomercio.es\/reflexiones-de-belarmino\/?p=12187"},"modified":"2019-12-10T19:52:27","modified_gmt":"2019-12-10T18:52:27","slug":"sergio-garcia-luna-el-jefe-policiaco-vinculado-con-el-cartel-de-sinaloacon-calderon-y-pena-nieto","status":"publish","type":"post","link":"https:\/\/blogs.elcomercio.es\/reflexiones-de-belarmino\/2019\/12\/10\/sergio-garcia-luna-el-jefe-policiaco-vinculado-con-el-cartel-de-sinaloacon-calderon-y-pena-nieto\/","title":{"rendered":"\u00a1\u00a1 SERGIO GARCIA LUNA, EL JEFE POLICIACO VINCULADO CON EL CARTEL DE SINALOA,CON CALDERON Y PE\u00d1A NIETO !!"},"content":{"rendered":"<p><strong>La respuesta del gobierno contra el Cartel de Sinaloa en su ataque a Culiac\u00e0n, vino hoy con la detenci\u00f2n del jefe policiaco Sergio Garcia Luna en los Estados Unidos.Sergio Garc\u00eca Luna fue el operador de Felipe Calderon y de Pe\u00f1a Nieto, ex presidentes, no para combatir, sino para ser el enlace de ellos con el Cartel de Sinaloa.<\/strong><\/p>\n<p><strong>En los Estados Unidos est\u00e0 acusado de recibir centenaress de millones de d\u00f2lares de parte del Cartel de Sinaloa, el del Chapo Guzm\u00e0n, y posiblemente el operador de &#8220;aquella ciudad sin ley&#8221; que oblig\u00f2 a que el ejercito tuviera que soltar al hijo del Chapo, hace dos meses<\/strong><\/p>\n<p><strong>De ser as\u00ec, no ser\u00eca como aqu\u00ec comentamos, la mano de Pe\u00f1a Nieto y el General Cienfuegos<\/strong><\/p>\n<!-- AddThis Advanced Settings generic via filter on the_content --><!-- AddThis Share Buttons generic via filter on the_content -->","protected":false},"excerpt":{"rendered":"<p>La respuesta del gobierno contra el Cartel de Sinaloa en su ataque a Culiac\u00e0n, vino hoy con la detenci\u00f2n del jefe policiaco Sergio Garcia Luna en los Estados Unidos.Sergio Garc\u00eca Luna fue el operador de Felipe Calderon y de Pe\u00f1a Nieto, ex presidentes, no para combatir, sino para ser el enlace de ellos con el [&hellip;]<!-- AddThis Advanced Settings generic via filter on get_the_excerpt --><!-- AddThis Share Buttons generic via filter on get_the_excerpt --><\/p>\n","protected":false},"author":16,"featured_media":0,"comment_status":"open","ping_status":"closed","sticky":false,"template":"","format":"standard","meta":[],"categories":[1],"tags":[],"_links":{"self":[{"href":"https:\/\/blogs.elcomercio.es\/reflexiones-de-belarmino\/wp-json\/wp\/v2\/posts\/12187"}],"collection":[{"href":"https:\/\/blogs.elcomercio.es\/reflexiones-de-belarmino\/wp-json\/wp\/v2\/posts"}],"about":[{"href":"https:\/\/blogs.elcomercio.es\/reflexiones-de-belarmino\/wp-json\/wp\/v2\/types\/post"}],"author":[{"embeddable":true,"href":"https:\/\/blogs.elcomercio.es\/reflexiones-de-belarmino\/wp-json\/wp\/v2\/users\/16"}],"replies":[{"embeddable":true,"href":"https:\/\/blogs.elcomercio.es\/reflexiones-de-belarmino\/wp-json\/wp\/v2\/comments?post=12187"}],"version-history":[{"count":2,"href":"https:\/\/blogs.elcomercio.es\/reflexiones-de-belarmino\/wp-json\/wp\/v2\/posts\/12187\/revisions"}],"predecessor-version":[{"id":12189,"href":"https:\/\/blogs.elcomercio.es\/reflexiones-de-belarmino\/wp-json\/wp\/v2\/posts\/12187\/revisions\/12189"}],"wp:attachment":[{"href":"https:\/\/blogs.elcomercio.es\/reflexiones-de-belarmino\/wp-json\/wp\/v2\/media?parent=12187"}],"wp:term":[{"taxonomy":"category","embeddable":true,"href":"https:\/\/blogs.elcomercio.es\/reflexiones-de-belarmino\/wp-json\/wp\/v2\/categories?post=12187"},{"taxonomy":"post_tag","embeddable":true,"href":"https:\/\/blogs.elcomercio.es\/reflexiones-de-belarmino\/wp-json\/wp\/v2\/tags?post=12187"}],"curies":[{"name":"wp","href":"https:\/\/api.w.org\/{rel}","templated":true}]}}