{"id":12296,"date":"2019-12-16T12:23:24","date_gmt":"2019-12-16T11:23:24","guid":{"rendered":"https:\/\/blogs.elcomercio.es\/reflexiones-de-belarmino\/?p=12296"},"modified":"2019-12-16T12:23:24","modified_gmt":"2019-12-16T11:23:24","slug":"saldra-de-la-crisis-duro-felguera-o-no-preocupante-para-la-multinacional-asturiana","status":"publish","type":"post","link":"https:\/\/blogs.elcomercio.es\/reflexiones-de-belarmino\/2019\/12\/16\/saldra-de-la-crisis-duro-felguera-o-no-preocupante-para-la-multinacional-asturiana\/","title":{"rendered":"\u00a1\u00a1\u00bfSALDR\u00c0 DE LA CRISIS DURO FELGUERA O NO?.-PREOCUPANTE PARA LA MULTINACIONAL ASTURIANA !!"},"content":{"rendered":"<p><strong>&#8221; Ha entrado en estado de coma, y nadie vende ni compra&#8221; se dec\u00eca el viernes en la Bolsa de Madrid en relaci\u00f2n con la dur\u00ecsima situaci\u00f2n que atraviesa Duro Felguera, fundada en 1885.<\/strong><\/p>\n<p><strong>Esta multinacional especializada en proyetcos de ingenieria para el sector energ\u00e8tico, con 4,000 empleados y 17,000 accionistas minoritarios, despu\u00e8s de la renuncia en 2017 de Gonz\u00e0lo Alvarez, por su desastrosa gesti\u00f2n, la empresa ha tenido dos a\u00f1os para recuperarse, pero teniendo en contra a un grupo de bancos con quienes tiene deudas de m\u00e0s de 85 millones de euros, integrada por Santander,Sabadell, Bankia,Caixabank, BBVA y Liberbank, que llevan dos a\u00f1os sin concederles cr\u00e8dito alguno.<\/strong><\/p>\n<p><strong>Este a\u00f1o, cuatro consejeros independientes se retiraron de la empresa considerando que la \u00f9nica salida que tienen es el concurso de acreedores.<\/strong><\/p>\n<p><strong>La frase que encabezan estas l\u00ecneas, nos da una idea de la gravedad de la situaci\u00f2n.Est\u00e0n buscando capital y se habla de vender sus oficinas en Madrid y en Asturias, presionando a los bancos de que si no les dan cr\u00e8dito despedir\u00e0n a los trabajadores.<\/strong><\/p>\n<p><strong>Esperemos&#8230;..<\/strong><\/p>\n<!-- AddThis Advanced Settings generic via filter on the_content --><!-- AddThis Share Buttons generic via filter on the_content -->","protected":false},"excerpt":{"rendered":"<p>&#8221; Ha entrado en estado de coma, y nadie vende ni compra&#8221; se dec\u00eca el viernes en la Bolsa de Madrid en relaci\u00f2n con la dur\u00ecsima situaci\u00f2n que atraviesa Duro Felguera, fundada en 1885. Esta multinacional especializada en proyetcos de ingenieria para el sector energ\u00e8tico, con 4,000 empleados y 17,000 accionistas minoritarios, despu\u00e8s de la [&hellip;]<!-- AddThis Advanced Settings generic via filter on get_the_excerpt --><!-- AddThis Share Buttons generic via filter on get_the_excerpt --><\/p>\n","protected":false},"author":16,"featured_media":0,"comment_status":"open","ping_status":"closed","sticky":false,"template":"","format":"standard","meta":[],"categories":[1],"tags":[],"_links":{"self":[{"href":"https:\/\/blogs.elcomercio.es\/reflexiones-de-belarmino\/wp-json\/wp\/v2\/posts\/12296"}],"collection":[{"href":"https:\/\/blogs.elcomercio.es\/reflexiones-de-belarmino\/wp-json\/wp\/v2\/posts"}],"about":[{"href":"https:\/\/blogs.elcomercio.es\/reflexiones-de-belarmino\/wp-json\/wp\/v2\/types\/post"}],"author":[{"embeddable":true,"href":"https:\/\/blogs.elcomercio.es\/reflexiones-de-belarmino\/wp-json\/wp\/v2\/users\/16"}],"replies":[{"embeddable":true,"href":"https:\/\/blogs.elcomercio.es\/reflexiones-de-belarmino\/wp-json\/wp\/v2\/comments?post=12296"}],"version-history":[{"count":1,"href":"https:\/\/blogs.elcomercio.es\/reflexiones-de-belarmino\/wp-json\/wp\/v2\/posts\/12296\/revisions"}],"predecessor-version":[{"id":12297,"href":"https:\/\/blogs.elcomercio.es\/reflexiones-de-belarmino\/wp-json\/wp\/v2\/posts\/12296\/revisions\/12297"}],"wp:attachment":[{"href":"https:\/\/blogs.elcomercio.es\/reflexiones-de-belarmino\/wp-json\/wp\/v2\/media?parent=12296"}],"wp:term":[{"taxonomy":"category","embeddable":true,"href":"https:\/\/blogs.elcomercio.es\/reflexiones-de-belarmino\/wp-json\/wp\/v2\/categories?post=12296"},{"taxonomy":"post_tag","embeddable":true,"href":"https:\/\/blogs.elcomercio.es\/reflexiones-de-belarmino\/wp-json\/wp\/v2\/tags?post=12296"}],"curies":[{"name":"wp","href":"https:\/\/api.w.org\/{rel}","templated":true}]}}