{"id":12298,"date":"2019-12-16T14:13:18","date_gmt":"2019-12-16T13:13:18","guid":{"rendered":"https:\/\/blogs.elcomercio.es\/reflexiones-de-belarmino\/?p=12298"},"modified":"2019-12-16T14:13:18","modified_gmt":"2019-12-16T13:13:18","slug":"si-no-se-publica-en-el-boe-este-ano-nuestro-ave-retiramos-nuestro-apoyo-a-pedro-sanchez-revillacantabro","status":"publish","type":"post","link":"https:\/\/blogs.elcomercio.es\/reflexiones-de-belarmino\/2019\/12\/16\/si-no-se-publica-en-el-boe-este-ano-nuestro-ave-retiramos-nuestro-apoyo-a-pedro-sanchez-revillacantabro\/","title":{"rendered":"\u00a1\u00a1&#8221;SI NO SE PUBLICA EN EL BOE ESTE A\u00d1O  NUESTRO AVE, RETIRAMOS NUESTRO APOYO A PEDRO SANCHEZ&#8221;,.-REVILLA,C\u00c0NTABRO !!"},"content":{"rendered":"<p><strong>Para complementar por que para en nuestro pa\u00ecs el segundo problema para los espa\u00f1oles, son LOS POLITICOS, no hay m\u00e0s\u00a0 que observar lo que dijo hace un par de horas, Revilla, el de las Anchoas: &#8220;SI NO SE PUBLICA EN EL BOE DE DICIEMBRE QUE TENDREMOS EL AVE A CANTABRIA, NO APOYAREMOS A PEDRO SANCHEZ&#8221;.Sus palabras, casi\u00a0 gritos,nos muestra que de ideologias poco en nuestro pa\u00ecs,sino que cada quien tira para su propio camino.<\/strong><\/p>\n<p><strong>Si Pedro S\u00e0nchez no saca el gobierno, su futuro se habr\u00e0 acabado igual que el de Pablo Iglesias.Si los nacionalistas catalanes y vascos no son inteligentes van a sufrir un fuerte retroceso, por que si la derecha llega al poder, olvidense de cualquier di\u00e0logo.<\/strong><\/p>\n<p><strong>El pa\u00ecs, \u00bfbien, gracias.!.<\/strong><\/p>\n<p><strong>Vergonzoso hoy lo de Revilla, el prohombre que pasa ,el a\u00f1o en los plat\u00f2s hablando de como resolver los problemas de Espa\u00f1a, &#8221; ense\u00f1\u00f2 el cobre&#8221; hoy con esas declaraciones.A \u00e8l lo que le importa, no son las ideologias ni el futuro de trabajadores, jubilados,los problemas, sino&#8230;.SU AVE&#8230;..a su querida Cantabria.<br \/>\n<\/strong><\/p>\n<p><strong>Pues ya se sabe el camino. Lo abri\u00f2 \u00e8l, sigui\u00f2 Teruel Existe y as\u00ec. Haganse partidos regonalista para resolver sus problemas, volvamos al Estado Central, rompamos las autonom\u00eca y volvamos al pasado.<\/strong><\/p>\n<p><strong>Hoy no est\u00e0 en juego una investidura, ni los presupuestos, sino hasta la democracia en Espa\u00f1a.<\/strong><\/p>\n<p><strong>No exageramos. Pensemos que Pedro S\u00e0nchez no forma gobierno y que hay que llamar a cuartas elecciones, todas las instituciones del Estado serian debilitadas desde la monarqu\u00eca hasta el tipo de Estado, y abririamos el camino a la ultraderecha.<\/strong><\/p>\n<!-- AddThis Advanced Settings generic via filter on the_content --><!-- AddThis Share Buttons generic via filter on the_content -->","protected":false},"excerpt":{"rendered":"<p>Para complementar por que para en nuestro pa\u00ecs el segundo problema para los espa\u00f1oles, son LOS POLITICOS, no hay m\u00e0s\u00a0 que observar lo que dijo hace un par de horas, Revilla, el de las Anchoas: &#8220;SI NO SE PUBLICA EN EL BOE DE DICIEMBRE QUE TENDREMOS EL AVE A CANTABRIA, NO APOYAREMOS A PEDRO SANCHEZ&#8221;.Sus [&hellip;]<!-- AddThis Advanced Settings generic via filter on get_the_excerpt --><!-- AddThis Share Buttons generic via filter on get_the_excerpt --><\/p>\n","protected":false},"author":16,"featured_media":0,"comment_status":"open","ping_status":"closed","sticky":false,"template":"","format":"standard","meta":[],"categories":[1],"tags":[],"_links":{"self":[{"href":"https:\/\/blogs.elcomercio.es\/reflexiones-de-belarmino\/wp-json\/wp\/v2\/posts\/12298"}],"collection":[{"href":"https:\/\/blogs.elcomercio.es\/reflexiones-de-belarmino\/wp-json\/wp\/v2\/posts"}],"about":[{"href":"https:\/\/blogs.elcomercio.es\/reflexiones-de-belarmino\/wp-json\/wp\/v2\/types\/post"}],"author":[{"embeddable":true,"href":"https:\/\/blogs.elcomercio.es\/reflexiones-de-belarmino\/wp-json\/wp\/v2\/users\/16"}],"replies":[{"embeddable":true,"href":"https:\/\/blogs.elcomercio.es\/reflexiones-de-belarmino\/wp-json\/wp\/v2\/comments?post=12298"}],"version-history":[{"count":2,"href":"https:\/\/blogs.elcomercio.es\/reflexiones-de-belarmino\/wp-json\/wp\/v2\/posts\/12298\/revisions"}],"predecessor-version":[{"id":12300,"href":"https:\/\/blogs.elcomercio.es\/reflexiones-de-belarmino\/wp-json\/wp\/v2\/posts\/12298\/revisions\/12300"}],"wp:attachment":[{"href":"https:\/\/blogs.elcomercio.es\/reflexiones-de-belarmino\/wp-json\/wp\/v2\/media?parent=12298"}],"wp:term":[{"taxonomy":"category","embeddable":true,"href":"https:\/\/blogs.elcomercio.es\/reflexiones-de-belarmino\/wp-json\/wp\/v2\/categories?post=12298"},{"taxonomy":"post_tag","embeddable":true,"href":"https:\/\/blogs.elcomercio.es\/reflexiones-de-belarmino\/wp-json\/wp\/v2\/tags?post=12298"}],"curies":[{"name":"wp","href":"https:\/\/api.w.org\/{rel}","templated":true}]}}