{"id":12301,"date":"2019-12-16T15:13:55","date_gmt":"2019-12-16T14:13:55","guid":{"rendered":"https:\/\/blogs.elcomercio.es\/reflexiones-de-belarmino\/?p=12301"},"modified":"2019-12-16T15:13:55","modified_gmt":"2019-12-16T14:13:55","slug":"el-viernes-13-de-diciembre-de-2019el-dia-mas-trascendental-en-la-historia-del-comercio-lighthizer","status":"publish","type":"post","link":"https:\/\/blogs.elcomercio.es\/reflexiones-de-belarmino\/2019\/12\/16\/el-viernes-13-de-diciembre-de-2019el-dia-mas-trascendental-en-la-historia-del-comercio-lighthizer\/","title":{"rendered":"\u00a1\u00a1&#8221;EL VIERNES 13 DE DICIEMBRE DE 2019,EL D\u00ccA M\u00c0S TRASCENDENTAL EN LA HISTORIA DEL COMERCIO&#8221;: LIGHTHIZER !!"},"content":{"rendered":"<p><strong>Euf\u00f2rico, el representante comercial del gobierno de los Estados Unidos Robert Lighthazer, declar\u00f2 que el acuerdo entre entre EE:UU: y China, en el cual, tras dos a\u00f1os y medio de negociaciones los Estados Unidos no aplicar\u00e0n aranceles a China sobre un importante numero de productos a cambio de que China compre en 2 a\u00f1os\u00a0 200,000 millones de d\u00f2lares en productos norteamericanos manufacturados y de energ\u00eca, junto<\/strong><\/p>\n<p><strong>\u00a0Con que ese mismo d\u00eca Donald Trump mand\u00f2 al Congreso el Tratado de Libre Comercio con M\u00e8xico y Canad\u00e0, conocido como el T MEC,para su aprobaci\u00f2n en el Senado,<br \/>\n<\/strong><\/p>\n<p><strong>\u00a0&#8220;CONVIRTIERON ESE VIERNES EN EL MAS TRASCENDENTAL EN LA HISTORIA DEL COMERCIO.&#8221;.<\/strong><\/p>\n<p><strong>LOS ACUERDOS LLEGAN A 2 BILLONES DE DOLARES.<\/strong><\/p>\n<p><strong>Y\u00a0 menospreciabamos a Donald Trump&#8230;&#8230;<\/strong><\/p>\n<!-- AddThis Advanced Settings generic via filter on the_content --><!-- AddThis Share Buttons generic via filter on the_content -->","protected":false},"excerpt":{"rendered":"<p>Euf\u00f2rico, el representante comercial del gobierno de los Estados Unidos Robert Lighthazer, declar\u00f2 que el acuerdo entre entre EE:UU: y China, en el cual, tras dos a\u00f1os y medio de negociaciones los Estados Unidos no aplicar\u00e0n aranceles a China sobre un importante numero de productos a cambio de que China compre en 2 a\u00f1os\u00a0 200,000 [&hellip;]<!-- AddThis Advanced Settings generic via filter on get_the_excerpt --><!-- AddThis Share Buttons generic via filter on get_the_excerpt --><\/p>\n","protected":false},"author":16,"featured_media":0,"comment_status":"open","ping_status":"closed","sticky":false,"template":"","format":"standard","meta":[],"categories":[1],"tags":[],"_links":{"self":[{"href":"https:\/\/blogs.elcomercio.es\/reflexiones-de-belarmino\/wp-json\/wp\/v2\/posts\/12301"}],"collection":[{"href":"https:\/\/blogs.elcomercio.es\/reflexiones-de-belarmino\/wp-json\/wp\/v2\/posts"}],"about":[{"href":"https:\/\/blogs.elcomercio.es\/reflexiones-de-belarmino\/wp-json\/wp\/v2\/types\/post"}],"author":[{"embeddable":true,"href":"https:\/\/blogs.elcomercio.es\/reflexiones-de-belarmino\/wp-json\/wp\/v2\/users\/16"}],"replies":[{"embeddable":true,"href":"https:\/\/blogs.elcomercio.es\/reflexiones-de-belarmino\/wp-json\/wp\/v2\/comments?post=12301"}],"version-history":[{"count":3,"href":"https:\/\/blogs.elcomercio.es\/reflexiones-de-belarmino\/wp-json\/wp\/v2\/posts\/12301\/revisions"}],"predecessor-version":[{"id":12304,"href":"https:\/\/blogs.elcomercio.es\/reflexiones-de-belarmino\/wp-json\/wp\/v2\/posts\/12301\/revisions\/12304"}],"wp:attachment":[{"href":"https:\/\/blogs.elcomercio.es\/reflexiones-de-belarmino\/wp-json\/wp\/v2\/media?parent=12301"}],"wp:term":[{"taxonomy":"category","embeddable":true,"href":"https:\/\/blogs.elcomercio.es\/reflexiones-de-belarmino\/wp-json\/wp\/v2\/categories?post=12301"},{"taxonomy":"post_tag","embeddable":true,"href":"https:\/\/blogs.elcomercio.es\/reflexiones-de-belarmino\/wp-json\/wp\/v2\/tags?post=12301"}],"curies":[{"name":"wp","href":"https:\/\/api.w.org\/{rel}","templated":true}]}}