{"id":12305,"date":"2019-12-16T15:35:58","date_gmt":"2019-12-16T14:35:58","guid":{"rendered":"https:\/\/blogs.elcomercio.es\/reflexiones-de-belarmino\/?p=12305"},"modified":"2019-12-16T15:35:58","modified_gmt":"2019-12-16T14:35:58","slug":"el-psoe-aguanta-el-pulso-ira-en-coalicion-con-unidas-podemos-y-negociara-con-erc-e-incluso-bildu","status":"publish","type":"post","link":"https:\/\/blogs.elcomercio.es\/reflexiones-de-belarmino\/2019\/12\/16\/el-psoe-aguanta-el-pulso-ira-en-coalicion-con-unidas-podemos-y-negociara-con-erc-e-incluso-bildu\/","title":{"rendered":"\u00a1\u00a1EL PSOE AGUANTA EL PULSO.-IRA EN COALICI\u00d2N CON UNIDAS PODEMOS Y NEGOCIAR\u00c0 CON ERC E INCLUSO BILDU !!"},"content":{"rendered":"<p><strong>Asturiana, ten\u00eca que ser. Despu\u00e8s de semanas de no hablar, hoy ADRIANA LASTRA respondi\u00f2 al pulso del PP y Ciudadanos: &#8220;MANTENDREMOS LA COALICION CON UNIDAS PODEMOS Y NEGOCIAREMOS CON ERC E INCLUSIVE CON BILDU. Esto no es sencillo y pedimos su comprensi\u00f2n &#8220;.<\/strong><\/p>\n<p><strong>Asi fue tajante la respuesta del Partido Socialista Obrero Espa\u00f1ol, a Pablo Casado, a Arrimadas y a los 2 barones socialistas que estaban en contra.<\/strong><\/p>\n<p><strong>Esa es la casta de los socialistas mostrada por Pedro Sanchez y materializada, no por \u00c2balos, sino por Adriana Lastra.<\/strong><\/p>\n<p><strong>Creo que esta medida, surgida el fondo del est\u00f2mago,pero con la mente fr\u00eca, es la respuesta que el pueblo espa\u00f1ol estaba esperando,con claro mensaje a todo aquel que quiera oirlo.<\/strong><\/p>\n<p><strong>De parecer estar contra la pared,Pedro S\u00e0nchez mand\u00f2 a su mano derecha politica, no a \u00c0balos, sino a Adriana Lastra, y tom\u00f2 la iniciativa que creo que nos llevar\u00e0 a la investidura antes de lo que pensamos, incluso antes de fin de a\u00f1o.<\/strong><\/p>\n<p><strong>Tendr\u00e0n &#8220;que medir muy bien los camotes&#8221; los miembros de ERC ante esta disyuntiva.<\/strong><\/p>\n<p><strong>El mi\u00e8rcoles, en este marco el cl\u00e0sico Barcelona-Madrid, se va a producir y quien intente obstaculizar, sobre todo dentro del Estadio, sabe a lo que se arriesga.<\/strong><\/p>\n<p><strong>Muy bien, Adriana Lastra, recogiste el testigo de lo mejor de nuestra regi\u00f2n y de nuestra historia.<br \/>\n<\/strong><\/p>\n<!-- AddThis Advanced Settings generic via filter on the_content --><!-- AddThis Share Buttons generic via filter on the_content -->","protected":false},"excerpt":{"rendered":"<p>Asturiana, ten\u00eca que ser. Despu\u00e8s de semanas de no hablar, hoy ADRIANA LASTRA respondi\u00f2 al pulso del PP y Ciudadanos: &#8220;MANTENDREMOS LA COALICION CON UNIDAS PODEMOS Y NEGOCIAREMOS CON ERC E INCLUSIVE CON BILDU. Esto no es sencillo y pedimos su comprensi\u00f2n &#8220;. Asi fue tajante la respuesta del Partido Socialista Obrero Espa\u00f1ol, a Pablo [&hellip;]<!-- AddThis Advanced Settings generic via filter on get_the_excerpt --><!-- AddThis Share Buttons generic via filter on get_the_excerpt --><\/p>\n","protected":false},"author":16,"featured_media":0,"comment_status":"open","ping_status":"closed","sticky":false,"template":"","format":"standard","meta":[],"categories":[1],"tags":[],"_links":{"self":[{"href":"https:\/\/blogs.elcomercio.es\/reflexiones-de-belarmino\/wp-json\/wp\/v2\/posts\/12305"}],"collection":[{"href":"https:\/\/blogs.elcomercio.es\/reflexiones-de-belarmino\/wp-json\/wp\/v2\/posts"}],"about":[{"href":"https:\/\/blogs.elcomercio.es\/reflexiones-de-belarmino\/wp-json\/wp\/v2\/types\/post"}],"author":[{"embeddable":true,"href":"https:\/\/blogs.elcomercio.es\/reflexiones-de-belarmino\/wp-json\/wp\/v2\/users\/16"}],"replies":[{"embeddable":true,"href":"https:\/\/blogs.elcomercio.es\/reflexiones-de-belarmino\/wp-json\/wp\/v2\/comments?post=12305"}],"version-history":[{"count":3,"href":"https:\/\/blogs.elcomercio.es\/reflexiones-de-belarmino\/wp-json\/wp\/v2\/posts\/12305\/revisions"}],"predecessor-version":[{"id":12308,"href":"https:\/\/blogs.elcomercio.es\/reflexiones-de-belarmino\/wp-json\/wp\/v2\/posts\/12305\/revisions\/12308"}],"wp:attachment":[{"href":"https:\/\/blogs.elcomercio.es\/reflexiones-de-belarmino\/wp-json\/wp\/v2\/media?parent=12305"}],"wp:term":[{"taxonomy":"category","embeddable":true,"href":"https:\/\/blogs.elcomercio.es\/reflexiones-de-belarmino\/wp-json\/wp\/v2\/categories?post=12305"},{"taxonomy":"post_tag","embeddable":true,"href":"https:\/\/blogs.elcomercio.es\/reflexiones-de-belarmino\/wp-json\/wp\/v2\/tags?post=12305"}],"curies":[{"name":"wp","href":"https:\/\/api.w.org\/{rel}","templated":true}]}}