{"id":12310,"date":"2019-12-17T13:12:39","date_gmt":"2019-12-17T12:12:39","guid":{"rendered":"https:\/\/blogs.elcomercio.es\/reflexiones-de-belarmino\/?p=12310"},"modified":"2019-12-17T13:12:39","modified_gmt":"2019-12-17T12:12:39","slug":"sanchez-tratara-en-una-reunion-con-torra-las-crisis-politicacatalana-si-es-investido","status":"publish","type":"post","link":"https:\/\/blogs.elcomercio.es\/reflexiones-de-belarmino\/2019\/12\/17\/sanchez-tratara-en-una-reunion-con-torra-las-crisis-politicacatalana-si-es-investido\/","title":{"rendered":"\u00a1\u00a1SANCHEZ TRATAR\u00c0 EN UNA REUNI\u00d2N CON TORRA &#8221; LAS CRISIS POLITICA&#8221;CATALANA SI ES INVESTIDO !!"},"content":{"rendered":"<p><strong>Primeros resultados de las llamadas a los presidentes de las Comunidades.Tras afianzar con Urkullu, Pedro Sanchez baj\u00f2 las tensiones con Torra y le ofreci\u00f2, si es investido tratar en una reuni\u00f2n &#8220;la crisis pol\u00ectica &#8220;catalana.<\/strong><\/p>\n<p><strong>Al mismo tiempo Adriana Lastra dijo que hablar\u00e0 con todos los grupos independentistas del Congreso.<br \/>\n<\/strong><\/p>\n<p><strong>Vale dejar claro, para los que reiteran lo del Constitucionalismo, QUE TODOS LOS PARTIDOS QUE PARTICIP\u00c0N EN EL PARLAMENTO SON CONSTITUCIONALISTAS. Otra cosa es que en su programa, intenten cambiar la Constituci\u00f2n para lograr Referendums, que hoy lo prohibe.<\/strong><\/p>\n<p><strong>La\u00a0 Constituci\u00f2n de 1931 si lo permit\u00eca, hasta el Referenduim sobre el Gobierno Nacional.<\/strong><\/p>\n<!-- AddThis Advanced Settings generic via filter on the_content --><!-- AddThis Share Buttons generic via filter on the_content -->","protected":false},"excerpt":{"rendered":"<p>Primeros resultados de las llamadas a los presidentes de las Comunidades.Tras afianzar con Urkullu, Pedro Sanchez baj\u00f2 las tensiones con Torra y le ofreci\u00f2, si es investido tratar en una reuni\u00f2n &#8220;la crisis pol\u00ectica &#8220;catalana. Al mismo tiempo Adriana Lastra dijo que hablar\u00e0 con todos los grupos independentistas del Congreso. Vale dejar claro, para los [&hellip;]<!-- AddThis Advanced Settings generic via filter on get_the_excerpt --><!-- AddThis Share Buttons generic via filter on get_the_excerpt --><\/p>\n","protected":false},"author":16,"featured_media":0,"comment_status":"open","ping_status":"closed","sticky":false,"template":"","format":"standard","meta":[],"categories":[1],"tags":[],"_links":{"self":[{"href":"https:\/\/blogs.elcomercio.es\/reflexiones-de-belarmino\/wp-json\/wp\/v2\/posts\/12310"}],"collection":[{"href":"https:\/\/blogs.elcomercio.es\/reflexiones-de-belarmino\/wp-json\/wp\/v2\/posts"}],"about":[{"href":"https:\/\/blogs.elcomercio.es\/reflexiones-de-belarmino\/wp-json\/wp\/v2\/types\/post"}],"author":[{"embeddable":true,"href":"https:\/\/blogs.elcomercio.es\/reflexiones-de-belarmino\/wp-json\/wp\/v2\/users\/16"}],"replies":[{"embeddable":true,"href":"https:\/\/blogs.elcomercio.es\/reflexiones-de-belarmino\/wp-json\/wp\/v2\/comments?post=12310"}],"version-history":[{"count":3,"href":"https:\/\/blogs.elcomercio.es\/reflexiones-de-belarmino\/wp-json\/wp\/v2\/posts\/12310\/revisions"}],"predecessor-version":[{"id":12313,"href":"https:\/\/blogs.elcomercio.es\/reflexiones-de-belarmino\/wp-json\/wp\/v2\/posts\/12310\/revisions\/12313"}],"wp:attachment":[{"href":"https:\/\/blogs.elcomercio.es\/reflexiones-de-belarmino\/wp-json\/wp\/v2\/media?parent=12310"}],"wp:term":[{"taxonomy":"category","embeddable":true,"href":"https:\/\/blogs.elcomercio.es\/reflexiones-de-belarmino\/wp-json\/wp\/v2\/categories?post=12310"},{"taxonomy":"post_tag","embeddable":true,"href":"https:\/\/blogs.elcomercio.es\/reflexiones-de-belarmino\/wp-json\/wp\/v2\/tags?post=12310"}],"curies":[{"name":"wp","href":"https:\/\/api.w.org\/{rel}","templated":true}]}}