{"id":12314,"date":"2019-12-17T13:19:46","date_gmt":"2019-12-17T12:19:46","guid":{"rendered":"https:\/\/blogs.elcomercio.es\/reflexiones-de-belarmino\/?p=12314"},"modified":"2019-12-17T13:19:46","modified_gmt":"2019-12-17T12:19:46","slug":"el-jueves-el-tribunal-europeo-dictara-seentencia-para-que-junqueras-sea-eurodiputado-y-libre","status":"publish","type":"post","link":"https:\/\/blogs.elcomercio.es\/reflexiones-de-belarmino\/2019\/12\/17\/el-jueves-el-tribunal-europeo-dictara-seentencia-para-que-junqueras-sea-eurodiputado-y-libre\/","title":{"rendered":"\u00a1\u00a1EL JUEVES EL TRIBUNAL EUROPEO DICTAR\u00c0 SEENTENCIA, PARA QUE JUNQUERAS SEA EURODIPUTADO, Y LIBRE !!"},"content":{"rendered":"<p><strong>Este jueves es muy importante en el proceso espa\u00f1ol y catal\u00e0n. Ese d\u00eca se sabr\u00e0 si el Tribunal Europeo considera que es l\u00e8gitima la eleccion de Junqueras y lo dej\u00e8 en libertad.<\/strong><\/p>\n<p><strong>En el Supremo se teme que la Justicia Europea, considere ilegitimo las condenas del Proc\u00e8s.<\/strong><\/p>\n<p><strong>Todo ello implicar\u00eca a Quim Torra, al que la justicia belga ha dicho que hasta el tres de febrero se analizar\u00e0 su extradici\u00f2n o no a Espa\u00f1a.<\/strong><\/p>\n<p><strong>Para entonces, habr\u00e0 pasado mucha agua en Espa\u00f1a, y no por el invierno<br \/>\n<\/strong><\/p>\n<!-- AddThis Advanced Settings generic via filter on the_content --><!-- AddThis Share Buttons generic via filter on the_content -->","protected":false},"excerpt":{"rendered":"<p>Este jueves es muy importante en el proceso espa\u00f1ol y catal\u00e0n. Ese d\u00eca se sabr\u00e0 si el Tribunal Europeo considera que es l\u00e8gitima la eleccion de Junqueras y lo dej\u00e8 en libertad. En el Supremo se teme que la Justicia Europea, considere ilegitimo las condenas del Proc\u00e8s. Todo ello implicar\u00eca a Quim Torra, al que [&hellip;]<!-- AddThis Advanced Settings generic via filter on get_the_excerpt --><!-- AddThis Share Buttons generic via filter on get_the_excerpt --><\/p>\n","protected":false},"author":16,"featured_media":0,"comment_status":"open","ping_status":"closed","sticky":false,"template":"","format":"standard","meta":[],"categories":[1],"tags":[],"_links":{"self":[{"href":"https:\/\/blogs.elcomercio.es\/reflexiones-de-belarmino\/wp-json\/wp\/v2\/posts\/12314"}],"collection":[{"href":"https:\/\/blogs.elcomercio.es\/reflexiones-de-belarmino\/wp-json\/wp\/v2\/posts"}],"about":[{"href":"https:\/\/blogs.elcomercio.es\/reflexiones-de-belarmino\/wp-json\/wp\/v2\/types\/post"}],"author":[{"embeddable":true,"href":"https:\/\/blogs.elcomercio.es\/reflexiones-de-belarmino\/wp-json\/wp\/v2\/users\/16"}],"replies":[{"embeddable":true,"href":"https:\/\/blogs.elcomercio.es\/reflexiones-de-belarmino\/wp-json\/wp\/v2\/comments?post=12314"}],"version-history":[{"count":2,"href":"https:\/\/blogs.elcomercio.es\/reflexiones-de-belarmino\/wp-json\/wp\/v2\/posts\/12314\/revisions"}],"predecessor-version":[{"id":12316,"href":"https:\/\/blogs.elcomercio.es\/reflexiones-de-belarmino\/wp-json\/wp\/v2\/posts\/12314\/revisions\/12316"}],"wp:attachment":[{"href":"https:\/\/blogs.elcomercio.es\/reflexiones-de-belarmino\/wp-json\/wp\/v2\/media?parent=12314"}],"wp:term":[{"taxonomy":"category","embeddable":true,"href":"https:\/\/blogs.elcomercio.es\/reflexiones-de-belarmino\/wp-json\/wp\/v2\/categories?post=12314"},{"taxonomy":"post_tag","embeddable":true,"href":"https:\/\/blogs.elcomercio.es\/reflexiones-de-belarmino\/wp-json\/wp\/v2\/tags?post=12314"}],"curies":[{"name":"wp","href":"https:\/\/api.w.org\/{rel}","templated":true}]}}