{"id":12317,"date":"2019-12-17T13:29:04","date_gmt":"2019-12-17T12:29:04","guid":{"rendered":"https:\/\/blogs.elcomercio.es\/reflexiones-de-belarmino\/?p=12317"},"modified":"2019-12-17T13:29:04","modified_gmt":"2019-12-17T12:29:04","slug":"trump-no-sera-condenado-y-puede-ser-reelecto","status":"publish","type":"post","link":"https:\/\/blogs.elcomercio.es\/reflexiones-de-belarmino\/2019\/12\/17\/trump-no-sera-condenado-y-puede-ser-reelecto\/","title":{"rendered":"\u00a1\u00a1TRUMP NO SER\u00c0 CONDENADO Y PUEDE SER REELECTO !!"},"content":{"rendered":"<p><strong>Aunque avanza en el Congreso el proceso de Impeachment, \u00e8ste, cuando llegue al senado donde necesita 67 senadores, pero hay 53 republicanos, que se mantienen firmes, va a salir no va a progresar m\u00e0s.<\/strong><\/p>\n<p><strong>Pero ,adem\u00e0s, no debemos olvidar que Trump ha llevado a la econom\u00eca de Estados Unidos a niveles muy elevados, y que podr\u00eca ser reelecto en noviembre de 2020.<br \/>\n<\/strong><\/p>\n<p><strong>La alianza entre EE:UU: y el Reino Unido, ya fuera de la Uni\u00f2n Europea, ser\u00e0 de gran importancia. Se dejar\u00e0 a\u00a0 Europa s\u00f2lo con las 200 armas nucleares de Francia.<\/strong><\/p>\n<p><strong>La alianza entre la primera y la quinta potencias mundiales, har\u00e0 que la Uni\u00f2n Europea sopese el\u00a0 nuevo escenario.<\/strong><\/p>\n<p>&nbsp;<\/p>\n<p>&nbsp;<\/p>\n<p>&nbsp;<\/p>\n<!-- AddThis Advanced Settings generic via filter on the_content --><!-- AddThis Share Buttons generic via filter on the_content -->","protected":false},"excerpt":{"rendered":"<p>Aunque avanza en el Congreso el proceso de Impeachment, \u00e8ste, cuando llegue al senado donde necesita 67 senadores, pero hay 53 republicanos, que se mantienen firmes, va a salir no va a progresar m\u00e0s. Pero ,adem\u00e0s, no debemos olvidar que Trump ha llevado a la econom\u00eca de Estados Unidos a niveles muy elevados, y que [&hellip;]<!-- AddThis Advanced Settings generic via filter on get_the_excerpt --><!-- AddThis Share Buttons generic via filter on get_the_excerpt --><\/p>\n","protected":false},"author":16,"featured_media":0,"comment_status":"open","ping_status":"closed","sticky":false,"template":"","format":"standard","meta":[],"categories":[1],"tags":[],"_links":{"self":[{"href":"https:\/\/blogs.elcomercio.es\/reflexiones-de-belarmino\/wp-json\/wp\/v2\/posts\/12317"}],"collection":[{"href":"https:\/\/blogs.elcomercio.es\/reflexiones-de-belarmino\/wp-json\/wp\/v2\/posts"}],"about":[{"href":"https:\/\/blogs.elcomercio.es\/reflexiones-de-belarmino\/wp-json\/wp\/v2\/types\/post"}],"author":[{"embeddable":true,"href":"https:\/\/blogs.elcomercio.es\/reflexiones-de-belarmino\/wp-json\/wp\/v2\/users\/16"}],"replies":[{"embeddable":true,"href":"https:\/\/blogs.elcomercio.es\/reflexiones-de-belarmino\/wp-json\/wp\/v2\/comments?post=12317"}],"version-history":[{"count":1,"href":"https:\/\/blogs.elcomercio.es\/reflexiones-de-belarmino\/wp-json\/wp\/v2\/posts\/12317\/revisions"}],"predecessor-version":[{"id":12318,"href":"https:\/\/blogs.elcomercio.es\/reflexiones-de-belarmino\/wp-json\/wp\/v2\/posts\/12317\/revisions\/12318"}],"wp:attachment":[{"href":"https:\/\/blogs.elcomercio.es\/reflexiones-de-belarmino\/wp-json\/wp\/v2\/media?parent=12317"}],"wp:term":[{"taxonomy":"category","embeddable":true,"href":"https:\/\/blogs.elcomercio.es\/reflexiones-de-belarmino\/wp-json\/wp\/v2\/categories?post=12317"},{"taxonomy":"post_tag","embeddable":true,"href":"https:\/\/blogs.elcomercio.es\/reflexiones-de-belarmino\/wp-json\/wp\/v2\/tags?post=12317"}],"curies":[{"name":"wp","href":"https:\/\/api.w.org\/{rel}","templated":true}]}}