{"id":12323,"date":"2019-12-17T20:55:33","date_gmt":"2019-12-17T19:55:33","guid":{"rendered":"https:\/\/blogs.elcomercio.es\/reflexiones-de-belarmino\/?p=12323"},"modified":"2019-12-17T20:55:33","modified_gmt":"2019-12-17T19:55:33","slug":"finamente-se-esta-hilando-el-proximo-gobierno-que-en-cualquier-momentosurgira","status":"publish","type":"post","link":"https:\/\/blogs.elcomercio.es\/reflexiones-de-belarmino\/2019\/12\/17\/finamente-se-esta-hilando-el-proximo-gobierno-que-en-cualquier-momentosurgira\/","title":{"rendered":"\u00a1\u00a1FINAMENTE SE EST\u00c0 HILANDO EL PROXIMO GOBIERNO QUE, EN CUALQUIER MOMENTO,SURGIR\u00c0 !!"},"content":{"rendered":"<p><strong>Para sorpresa y disgusto de la minoria conservadora de nuestro pa\u00ecs, se est\u00e0 tejiendo en el silencio,como debe de hacerse en pol\u00ectica, la formaci\u00f2n del nuevo Gobierno y su investidura.Por supuesto ser\u00e0 de Coalici\u00f2n, Constitucionalista y con la mayoria social y p\u00f2litica de Espa\u00f1a.<\/strong><\/p>\n<p><strong>Algunos se llevar\u00e0n una sorpresa.Una cosa es gritar, escudarse en la bandera como si fuese de ellos, en el Constitucionalismo donde est\u00e0n todos los partidos que fueron electos,\u00a0 y otra armar , con el arte del quehacer pol\u00ectico, lo que el el pa\u00ecs necesita con urgencia: El Gobierno y losPresupuestos del 2020<\/strong><\/p>\n<p><strong>Y , podr\u00eca ser, antes que finalizase el a\u00f1o.Depender\u00e0 de esta semana.<\/strong><\/p>\n<!-- AddThis Advanced Settings generic via filter on the_content --><!-- AddThis Share Buttons generic via filter on the_content -->","protected":false},"excerpt":{"rendered":"<p>Para sorpresa y disgusto de la minoria conservadora de nuestro pa\u00ecs, se est\u00e0 tejiendo en el silencio,como debe de hacerse en pol\u00ectica, la formaci\u00f2n del nuevo Gobierno y su investidura.Por supuesto ser\u00e0 de Coalici\u00f2n, Constitucionalista y con la mayoria social y p\u00f2litica de Espa\u00f1a. Algunos se llevar\u00e0n una sorpresa.Una cosa es gritar, escudarse en la [&hellip;]<!-- AddThis Advanced Settings generic via filter on get_the_excerpt --><!-- AddThis Share Buttons generic via filter on get_the_excerpt --><\/p>\n","protected":false},"author":16,"featured_media":0,"comment_status":"open","ping_status":"closed","sticky":false,"template":"","format":"standard","meta":[],"categories":[1],"tags":[],"_links":{"self":[{"href":"https:\/\/blogs.elcomercio.es\/reflexiones-de-belarmino\/wp-json\/wp\/v2\/posts\/12323"}],"collection":[{"href":"https:\/\/blogs.elcomercio.es\/reflexiones-de-belarmino\/wp-json\/wp\/v2\/posts"}],"about":[{"href":"https:\/\/blogs.elcomercio.es\/reflexiones-de-belarmino\/wp-json\/wp\/v2\/types\/post"}],"author":[{"embeddable":true,"href":"https:\/\/blogs.elcomercio.es\/reflexiones-de-belarmino\/wp-json\/wp\/v2\/users\/16"}],"replies":[{"embeddable":true,"href":"https:\/\/blogs.elcomercio.es\/reflexiones-de-belarmino\/wp-json\/wp\/v2\/comments?post=12323"}],"version-history":[{"count":2,"href":"https:\/\/blogs.elcomercio.es\/reflexiones-de-belarmino\/wp-json\/wp\/v2\/posts\/12323\/revisions"}],"predecessor-version":[{"id":12325,"href":"https:\/\/blogs.elcomercio.es\/reflexiones-de-belarmino\/wp-json\/wp\/v2\/posts\/12323\/revisions\/12325"}],"wp:attachment":[{"href":"https:\/\/blogs.elcomercio.es\/reflexiones-de-belarmino\/wp-json\/wp\/v2\/media?parent=12323"}],"wp:term":[{"taxonomy":"category","embeddable":true,"href":"https:\/\/blogs.elcomercio.es\/reflexiones-de-belarmino\/wp-json\/wp\/v2\/categories?post=12323"},{"taxonomy":"post_tag","embeddable":true,"href":"https:\/\/blogs.elcomercio.es\/reflexiones-de-belarmino\/wp-json\/wp\/v2\/tags?post=12323"}],"curies":[{"name":"wp","href":"https:\/\/api.w.org\/{rel}","templated":true}]}}