{"id":12326,"date":"2019-12-17T21:52:45","date_gmt":"2019-12-17T20:52:45","guid":{"rendered":"https:\/\/blogs.elcomercio.es\/reflexiones-de-belarmino\/?p=12326"},"modified":"2019-12-17T21:52:45","modified_gmt":"2019-12-17T20:52:45","slug":"nuevo-aumento-del-salario-minimo-en-mexico-justicia-para-los-trabajadores-y-apoyo-de-los-empresarios","status":"publish","type":"post","link":"https:\/\/blogs.elcomercio.es\/reflexiones-de-belarmino\/2019\/12\/17\/nuevo-aumento-del-salario-minimo-en-mexico-justicia-para-los-trabajadores-y-apoyo-de-los-empresarios\/","title":{"rendered":"\u00a1\u00a1NUEVO AUMENTO DEL SALARIO MINIMO EN MEXICO, JUSTICIA PARA LOS TRABAJADORES Y APOYO DE LOS EMPRESARIOS !!"},"content":{"rendered":"<p><strong>Con base en el acuerdo del T MEC, ante los empresarios a quienes felicit\u00f2 por entenderlo, L\u00f2pez Obrador que hab\u00eca subido un 16 % el salario m\u00ecnimo cuando entr\u00f2 hace un a\u00f1o para 2019,anunci\u00f2 hoy que para 2020 habr\u00e0 otro aumento del minimo por un 20 %, lo que lo eleva a su mayor nivel desde hace 44 a\u00f1os.<\/strong><\/p>\n<p><strong>S\u00f2lo cuando se logran acuerdos como el Tratado Comercial con EE:UU y Canad\u00e0,donde ganar\u00e0n los empresarios, y el PROYECTO DE NACION que se impulsa, es posible que los empresarios hayan aceptado en un a\u00f1o el aumento del 36 % del salario m\u00ecnimo.<\/strong><\/p>\n<p><strong>El proyecto de NACION que no de Gobierno, ha permitido unir al sector p\u00f9blico y al privado y a la mayor parte de la poblaci\u00f2n.Descansando sobre la econom\u00eca p\u00f9blica, petroleo, electricidad, los empresarios particip\u00e0n en todos los proyectos que vayan surgiendo en M\u00e8xico y Centroamerica, creando infraestructuras para un marco global que como dec\u00eca Carlos Slim hay tres trillones de recursos mundiales buscando infraestructuras para imvertir.<\/strong><\/p>\n<p><strong>Como consecuencia, se puede entender que se haga justicia a los m\u00e0s debiles del pa\u00ecs con un segundo aumento del salario m\u00ecnimo en 1 a\u00f1o, en total el 36 %.<\/strong><\/p>\n<p><strong>Mientras, hoy en traje de preso y esposado Sergio Garc\u00eca Luna, ha sido enviado de Texas a Nueva York, fuertemente custodiado por que se teme que el Cartel de Sinaloa, intente que\u00a0 ne llegue a hablar. Junto con este c\u00e0rcel saldr\u00ecan muy perjudicados los ex presidentes Vicente Fox, Felipe Calder\u00f2n y Enrique Pe\u00f1a Nieto.<\/strong><\/p>\n<p><strong>Los nuevos jefes militares han presentado ante la fiscal\u00eca acusaciones por negocios turbios en la Industria militar durante el sexenio de Pe\u00f1a Nieto, lo que ha inquitado a los grandes generales de esos sexenios, para benepl\u00e0cito de los cuadros medios, intermedios y la tropa del ejercito, 300,000 que observan honestidad en su entorno, desde el presidente hasta los nuevos grandes cargos.<\/strong><\/p>\n<p><strong>Los recursos del nuevo aeropuerto de Santa Lucia que era una base militar y donde se construye el nuevo aeropuerto y la modernizaci\u00f2n del actual con ayuda del Aeropuerto de Singapur, a la mitad de lo que iba a costar el faraonico de Pe\u00f1a Nieto y Villar Mir, son para los militares.<\/strong><\/p>\n<p><strong>Este fin de semana se han puesto a la venta todas las propiedades, automoviles, aviones, joyas decomisados a los narcos que ir\u00e0n destinados a caminos rurales de la Sierra Madre Occidental.<\/strong><\/p>\n<p><strong>Finalmente, se inicia la licitaci\u00f2n para la formaci\u00f2n de la empresa publica que va a hcer llegar Internet al 100 % del pa\u00ecs. Mientras esos sucede los proyectos se inici\u00e0n sobre la base troncal de la Comisi\u00f2n Federal de Electricidad, la empresa publica que desde 1962, es de todos los mexicanos y que surte de luz hasta el \u00f9ltimo rinc\u00f2n del pa\u00ecs<\/strong><strong>. No se ha crecido pero si se sanearon la finanzas p\u00f9blica.El dolar que estaba hace unos meses a 22 pesos casda d\u00eca est\u00e0n bajando y hoy est\u00e0 a 19.20.<\/strong><\/p>\n<p><strong>No se ha dismunido la delincuencia por que, seg\u00f9n el presidente, no contaban este a\u00f1o dispositivos para hacerlo, pero ya ha hoy una Guardia Nacional con 80,000 hombres jovenes y nuevos.<\/strong><\/p>\n<p><strong>Ayer empez\u00f2 en Fonatur\u00a0 las licitaciones para el Tren Maya.<\/strong><\/p>\n<p><strong>Todo est\u00e0 abierto a los empresarios espa\u00f1oles, pero que entiendan que las reglas del juego han cambiado.<\/strong><\/p>\n<!-- AddThis Advanced Settings generic via filter on the_content --><!-- AddThis Share Buttons generic via filter on the_content -->","protected":false},"excerpt":{"rendered":"<p>Con base en el acuerdo del T MEC, ante los empresarios a quienes felicit\u00f2 por entenderlo, L\u00f2pez Obrador que hab\u00eca subido un 16 % el salario m\u00ecnimo cuando entr\u00f2 hace un a\u00f1o para 2019,anunci\u00f2 hoy que para 2020 habr\u00e0 otro aumento del minimo por un 20 %, lo que lo eleva a su mayor nivel [&hellip;]<!-- AddThis Advanced Settings generic via filter on get_the_excerpt --><!-- AddThis Share Buttons generic via filter on get_the_excerpt --><\/p>\n","protected":false},"author":16,"featured_media":0,"comment_status":"open","ping_status":"closed","sticky":false,"template":"","format":"standard","meta":[],"categories":[1],"tags":[],"_links":{"self":[{"href":"https:\/\/blogs.elcomercio.es\/reflexiones-de-belarmino\/wp-json\/wp\/v2\/posts\/12326"}],"collection":[{"href":"https:\/\/blogs.elcomercio.es\/reflexiones-de-belarmino\/wp-json\/wp\/v2\/posts"}],"about":[{"href":"https:\/\/blogs.elcomercio.es\/reflexiones-de-belarmino\/wp-json\/wp\/v2\/types\/post"}],"author":[{"embeddable":true,"href":"https:\/\/blogs.elcomercio.es\/reflexiones-de-belarmino\/wp-json\/wp\/v2\/users\/16"}],"replies":[{"embeddable":true,"href":"https:\/\/blogs.elcomercio.es\/reflexiones-de-belarmino\/wp-json\/wp\/v2\/comments?post=12326"}],"version-history":[{"count":3,"href":"https:\/\/blogs.elcomercio.es\/reflexiones-de-belarmino\/wp-json\/wp\/v2\/posts\/12326\/revisions"}],"predecessor-version":[{"id":12329,"href":"https:\/\/blogs.elcomercio.es\/reflexiones-de-belarmino\/wp-json\/wp\/v2\/posts\/12326\/revisions\/12329"}],"wp:attachment":[{"href":"https:\/\/blogs.elcomercio.es\/reflexiones-de-belarmino\/wp-json\/wp\/v2\/media?parent=12326"}],"wp:term":[{"taxonomy":"category","embeddable":true,"href":"https:\/\/blogs.elcomercio.es\/reflexiones-de-belarmino\/wp-json\/wp\/v2\/categories?post=12326"},{"taxonomy":"post_tag","embeddable":true,"href":"https:\/\/blogs.elcomercio.es\/reflexiones-de-belarmino\/wp-json\/wp\/v2\/tags?post=12326"}],"curies":[{"name":"wp","href":"https:\/\/api.w.org\/{rel}","templated":true}]}}