{"id":1238,"date":"2016-09-09T12:41:13","date_gmt":"2016-09-09T10:41:13","guid":{"rendered":"http:\/\/blogs.elcomercio.es\/reflexiones-de-belarmino\/?p=1238"},"modified":"2016-09-09T12:41:13","modified_gmt":"2016-09-09T10:41:13","slug":"huida-del-consejo-de-asturias-y-leon-respuesta-a-anton-saavedra-2","status":"publish","type":"post","link":"https:\/\/blogs.elcomercio.es\/reflexiones-de-belarmino\/2016\/09\/09\/huida-del-consejo-de-asturias-y-leon-respuesta-a-anton-saavedra-2\/","title":{"rendered":"\u00bf HUIDA DEL CONSEJO DE ASTURIAS Y LEON ?.- Respuesta a Ant\u00f3n Saavedra ( 2)"},"content":{"rendered":"<p><strong><em>En su blog de junio del 2011,que acabando de morir mi padre y 53 a\u00f1os antes Belarmino, donde nadie ke habr\u00eda podido darle respuesta, usted public\u00f3 su miserable ataque a Rafael Fernandez Alvarezz. \u00bf Por que no lo hizo de 1980, al 2010,30 a\u00f1os, mientras el viv\u00eda?.<\/em><\/strong><\/p>\n<p><strong>La respuesta se la dio el hijo y el nieto ayer.<\/strong><\/p>\n<p><strong><em>Continuemos, con su escrito, que inicia \u00a0as\u00ed:<\/em><\/strong><\/p>\n<p><strong><em><\/em><\/strong><strong><em>&#8221; El Consejo no ten\u00eda m\u00e1s objeto que el de preparar la evacuaci\u00f3n.Mejor\u00a0deber\u00eda\u00a0llamarse de la evacuaci\u00f3n y la huida, y\u00a0l\u00f3gicamente\u00a0para\u00a0organizar la evacuaci\u00f3n necesitaban tener las manos libres&#8221; ( Juan Ambou, Consejero de Instrucci\u00f3n P\u00fablica en el &#8221; Gobern\u00edn&#8221; de Asturias y Le\u00f3n presidido por Belarmino Tom\u00e1s en agosto de 1937 ).&#8221;.<\/em><\/strong><\/p>\n<p><strong><em>He conocido a Juan Ambou mucho mejor que usted, dado que durante a\u00f1os iba muchos domingos a comversar con mis padres en nuestra casa en V\u00e9rtiz. Adem\u00e1s de ello,dado que dispongo de los Archivos del\u00a0Consejo\u00a0de Asturias y Le\u00f3n que capturaron los franquistas y que llevan toda la vida de usted en el Archivo de Salamanca,pero que nadie hizo nada para recuperarlos como como los de Ferrol y los de Catalu\u00f1a.<\/em><\/strong><\/p>\n<p><strong>Por lo anterior, como usted lo sabe, no hay una s\u00f3la menci\u00f3n de Juan Ambou en ninguna reuni\u00f3n del Consejo, por lo que entiendo que fu\u00e9 motivo de una pl\u00e1tica que usted habr\u00e1 tenido con \u00e9l, al retorno de la democracia.No fu\u00e9 el \u00fanico del Consejo que marginado politicamente a partir de 1976, regresaron,como es el caso del que se dec\u00eda tan amigo de mi padre en M\u00e9xico, Luis Roca de Albornoz, a descargar sus amarguras y faltar a la verdad.<\/strong><\/p>\n<div id=\"attachment_1243\" style=\"width: 1034px\" class=\"wp-caption aligncenter\"><a href=\"\/reflexiones-de-belarmino\/wp-content\/uploads\/sites\/15\/2016\/09\/112.jpeg\"><img aria-describedby=\"caption-attachment-1243\" loading=\"lazy\" class=\"size-large wp-image-1243\" src=\"\/reflexiones-de-belarmino\/wp-content\/uploads\/sites\/15\/2016\/09\/112.jpg\" alt=\"\" width=\"1024\" height=\"528\" \/><\/a><p id=\"caption-attachment-1243\" class=\"wp-caption-text\">Consejo Interprovincial de Asturias y Le\u00f3n, en la \u00fanica fotograf\u00eda de \u00e9l<\/p><\/div>\n<p><strong><em>Lo que \u00e9l no le dijo y usted no se\u00f1ala ,es que Juan Ambou tuvo un odio visceral a Belarmino Tom\u00e1s, debido \u00a0a que se le acus\u00f3 en el Comit\u00e9 \u00a0Provincial del Frente Popular de Asturias \u00a0que se celebr\u00f3 el Gij\u00f3n en octubre de 1936, de ser el culpable,como \u00a0Consejero de Guerra , de haber permitido una acci\u00f3n que cambiar\u00eda posiblemente los acontecimientos del Frente Norte: A Ambou, encargado del Frente de Grado, se le acus\u00f3 de ser el responsable de que las tropas gallegas pudieran pasar por errores de \u00e9l \u00a0y llegar a Oviedo a reforzar las tropas sublevadas del \u00a0Coronel Aranda.<\/em><\/strong><\/p>\n<p><strong><em>En aquella reuni\u00f3n que &#8220;empez\u00f3 a las cuatro y media de la tarde, bajo la presidencia del ciudadano Gobernador Belarmino Tom\u00e1s y con la asistencia de los dem\u00e1s delegados: Amador Fern\u00e1ndez(Interior, Justicia y Gobierno); Juan Ambou(Guerra) Jos\u00e9 Garc\u00eda(Agricultura); Eduardo Vazquez(Marina); Jos\u00e9 Turman(Industria),Rafael Fern\u00e1ndez (Hacienda); Manuel Su\u00e1rez(Instrucci\u00f3n P\u00fablica);Angel Gonz\u00e1lez (Comunicaciones); Eladio Fanjul(Asistencia Social) y Jes\u00fas Mart\u00edn(Obras P\u00fablicas), tom\u00f3 la palabra el compa\u00f1ero Ambou.Explica que con motivo de la entrada del enemigo en Oviedo,algunos compa\u00f1eros basaron el motivo de esa entrada,de esta parcial derrota, en la desorganizaci\u00f3n total del Departamento de Guerra,en las diferentes secciones que comprende&#8221;.<\/em><\/strong><\/p>\n<p><strong>En este acta que contiene 18 folios a m\u00e1quina, despu\u00e9s de hablar Ambou, el resto de los delegados fueron muy cr\u00edticos con el y en la parte final de ella, Rafael Fern\u00e1ndez interviene y pregunta a Ambou:&#8221;Las equivocaciones de guerra se pagan caras y sobre todo en estos momentos.Se habla de la aviaci\u00f3n y yo tengo que demostrar la falta de informaci\u00f3n de Guerra en la cuesti\u00f3n de investigaci\u00f3n.Yo quisiera que se me permitiera hacer una pregunta para que se me conteste en este momento el compa\u00f1ero Ambou.En el campo de Carre\u00f1o por sus condiciones en viniendo el invierno, no pueden despegar los aparatos, \u00bf Hay en Asturias preparado alg\u00fan campo de aviaci\u00f3n para aterrizar durante el invierno?,\u00bf Sabe algo de esto el compa\u00f1ero Ambou?.<\/strong><\/p>\n<p><strong>Ambou se limit\u00f3 a contestar que no lo sab\u00eda y Fern\u00e1ndez continu\u00f3.Pues si lo hay, por que hoy he pagado once mil y pico pesetas para arreglar el campo de aterrizaje en la provincia que quiz\u00e1s se al \u00fanico que tenga condiciones para el invierno.En nombre de las juventudes acepto la propuesta de poner los puestos a disposici\u00f3n del Gobernador,siendo el Comit\u00e9 Provincial en pleno que acople los puestos que se consideren pertinentes&#8221;<\/strong><\/p>\n<p><strong>Al t\u00e9rmino de la reuni\u00f3n se destituye a Juan Ambou, se le traslada a Instrucci\u00f3n P\u00fablica y queda al frente de Guerra el propio Belarmino Tom\u00e1s<a href=\"\/reflexiones-de-belarmino\/wp-content\/uploads\/sites\/15\/2016\/09\/doc02186720160908170815_001.jpg\"><img loading=\"lazy\" class=\"aligncenter size-large wp-image-1245\" src=\"\/reflexiones-de-belarmino\/wp-content\/uploads\/sites\/15\/2016\/09\/doc02186720160908170815_001.jpg\" alt=\"\" width=\"724\" height=\"1024\" srcset=\"https:\/\/static-blogs.elcomercio.es\/wp-content\/uploads\/sites\/15\/2016\/09\/doc02186720160908170815_001.jpg 2480w, https:\/\/static-blogs.elcomercio.es\/wp-content\/uploads\/sites\/15\/2016\/09\/doc02186720160908170815_001-212x300.jpg 212w, https:\/\/static-blogs.elcomercio.es\/wp-content\/uploads\/sites\/15\/2016\/09\/doc02186720160908170815_001-768x1086.jpg 768w, https:\/\/static-blogs.elcomercio.es\/wp-content\/uploads\/sites\/15\/2016\/09\/doc02186720160908170815_001-724x1024.jpg 724w\" sizes=\"(max-width: 724px) 100vw, 724px\" \/><\/a><\/strong><\/p>\n<p><strong>La anterior es la portada del documeento de 18 folios, original de aquella reuni\u00f3n, caapturados por los vencedores, y que se encuentraban en Salamanca y ahora obra en mi poder.<\/strong><\/p>\n<p><strong><em>Cuando usted habla de las declaraciones de Ambou en Instrucci\u00f3n P\u00fablica, en agosto de 1937, dado que no hay documento alguno donde Ambou haya expresado ante el Consejo las palabras usadas por usted, me confirman, que fueron expresadas a usted con el agregado del &#8221; Gobernin&#8221; que\u00a0fue\u00a0el que util\u00f3 Aza\u00f1a y que usted machaconamente muestra en su escrito, sin saber que\u00a0lo mismo que Ambou nunca asimil\u00f3 la acusaci\u00f3n de TODO EL COMITE PROVINCIAL DEL FRENTE POPULAR de acusarlo de ser el culpable,nada menos, que no haber impedido el paso a las tropas gallegas por Grado por su incapacidad, Aza\u00f1a, ni los republicanos entendieron la\u00a0necesidad\u00a0de la Soberan\u00eda , ni que Belarmino no hubiera ocurrido a su llamado y enviado a Amador\u00a0Fern\u00e1ndez.<\/em><\/strong><\/p>\n<p><strong><em>\u00bf Pero se ha puesto a pensar que a pesar de usted y el otro Consejero Comunista y de Rafael Fernandez(que no nombra) que estuvieron en contra de la Soberan\u00eda, por que el resto del Frente Popular estuvo a favor?. Por que para un gobierno de hombres que a lo largo de toda su vida, cada d\u00eda era para sobrevivir, y que aquella acci\u00f3n y el telegrama a la Sociedad de\u00a0Naciones\u00a0era salvar la\u00a0Legalidad Republicana, era una lucha m\u00e1s por la sobrevivencia.<\/em><\/strong><\/p>\n<p><strong>Por supuesto para un\u00a0pre jubilado\u00a0por Villa, estoy no es posible de concebir.<\/strong><\/p>\n<div id=\"attachment_1246\" style=\"width: 1034px\" class=\"wp-caption aligncenter\"><a href=\"\/reflexiones-de-belarmino\/wp-content\/uploads\/sites\/15\/2016\/09\/doc02161220160905193738_0013.jpg\"><img aria-describedby=\"caption-attachment-1246\" loading=\"lazy\" class=\"size-large wp-image-1246\" src=\"\/reflexiones-de-belarmino\/wp-content\/uploads\/sites\/15\/2016\/09\/doc02161220160905193738_0013.jpg\" alt=\"\" width=\"1024\" height=\"724\" srcset=\"https:\/\/static-blogs.elcomercio.es\/wp-content\/uploads\/sites\/15\/2016\/09\/doc02161220160905193738_0013.jpg 4960w, https:\/\/static-blogs.elcomercio.es\/wp-content\/uploads\/sites\/15\/2016\/09\/doc02161220160905193738_0013-300x212.jpg 300w, https:\/\/static-blogs.elcomercio.es\/wp-content\/uploads\/sites\/15\/2016\/09\/doc02161220160905193738_0013-768x543.jpg 768w, https:\/\/static-blogs.elcomercio.es\/wp-content\/uploads\/sites\/15\/2016\/09\/doc02161220160905193738_0013-1024x724.jpg 1024w\" sizes=\"(max-width: 1024px) 100vw, 1024px\" \/><\/a><p id=\"caption-attachment-1246\" class=\"wp-caption-text\">Belarmino Tomas en 1937,en el muelle de Gij\u00f3n, pasando revisi\u00f3n a las tropas.<\/p><\/div>\n<p>&nbsp;<\/p>\n<!-- AddThis Advanced Settings generic via filter on the_content --><!-- AddThis Share Buttons generic via filter on the_content -->","protected":false},"excerpt":{"rendered":"<p>En su blog de junio del 2011,que acabando de morir mi padre y 53 a\u00f1os antes Belarmino, donde nadie ke habr\u00eda podido darle respuesta, usted public\u00f3 su miserable ataque a Rafael Fernandez Alvarezz. \u00bf Por que no lo hizo de 1980, al 2010,30 a\u00f1os, mientras el viv\u00eda?. La respuesta se la dio el hijo y [&hellip;]<!-- AddThis Advanced Settings generic via filter on get_the_excerpt --><!-- AddThis Share Buttons generic via filter on get_the_excerpt --><\/p>\n","protected":false},"author":16,"featured_media":0,"comment_status":"open","ping_status":"closed","sticky":false,"template":"","format":"standard","meta":[],"categories":[5],"tags":[],"_links":{"self":[{"href":"https:\/\/blogs.elcomercio.es\/reflexiones-de-belarmino\/wp-json\/wp\/v2\/posts\/1238"}],"collection":[{"href":"https:\/\/blogs.elcomercio.es\/reflexiones-de-belarmino\/wp-json\/wp\/v2\/posts"}],"about":[{"href":"https:\/\/blogs.elcomercio.es\/reflexiones-de-belarmino\/wp-json\/wp\/v2\/types\/post"}],"author":[{"embeddable":true,"href":"https:\/\/blogs.elcomercio.es\/reflexiones-de-belarmino\/wp-json\/wp\/v2\/users\/16"}],"replies":[{"embeddable":true,"href":"https:\/\/blogs.elcomercio.es\/reflexiones-de-belarmino\/wp-json\/wp\/v2\/comments?post=1238"}],"version-history":[{"count":0,"href":"https:\/\/blogs.elcomercio.es\/reflexiones-de-belarmino\/wp-json\/wp\/v2\/posts\/1238\/revisions"}],"wp:attachment":[{"href":"https:\/\/blogs.elcomercio.es\/reflexiones-de-belarmino\/wp-json\/wp\/v2\/media?parent=1238"}],"wp:term":[{"taxonomy":"category","embeddable":true,"href":"https:\/\/blogs.elcomercio.es\/reflexiones-de-belarmino\/wp-json\/wp\/v2\/categories?post=1238"},{"taxonomy":"post_tag","embeddable":true,"href":"https:\/\/blogs.elcomercio.es\/reflexiones-de-belarmino\/wp-json\/wp\/v2\/tags?post=1238"}],"curies":[{"name":"wp","href":"https:\/\/api.w.org\/{rel}","templated":true}]}}