{"id":12387,"date":"2019-12-22T10:44:01","date_gmt":"2019-12-22T09:44:01","guid":{"rendered":"https:\/\/blogs.elcomercio.es\/reflexiones-de-belarmino\/?p=12387"},"modified":"2019-12-22T10:44:01","modified_gmt":"2019-12-22T09:44:01","slug":"marcial-maciel-franco-juan-pablo-ii-la-pederastia-que-le-ocasiono-la-muerte-a-su-tio-abuelo","status":"publish","type":"post","link":"https:\/\/blogs.elcomercio.es\/reflexiones-de-belarmino\/2019\/12\/22\/marcial-maciel-franco-juan-pablo-ii-la-pederastia-que-le-ocasiono-la-muerte-a-su-tio-abuelo\/","title":{"rendered":"\u00a1\u00a1MARCIAL MACIEL, FRANCO, JUAN PABLO II, LA PEDERASTIA QUE LE OCASION\u00d2 LA MUERTE A SU TIO ABUELO !!"},"content":{"rendered":"<p><strong>Marcial Maciel, nacido en Cotija, Michoacan,M\u00e8xico, fu\u00e8 enviado por sus padres a un seminario en Tlalpan, ciudad de M\u00e8xico a cargo de su t\u00eco abuelo Rafael Guizar Valencia obispo de Veracruz.Atento a lo que pasaba con Franco, su t\u00eco abuelo descubre la pederastia de Marcial y para evitar que se lo informe a los padres, el t\u00eco abuelo, muere envenenado a los 60 a\u00f1os.<\/strong><\/p>\n<p><strong>En cuanto triunfa Franco, y para huir de M\u00e8xico, Marcial crea en 1940 LOS LEGINARIOS DE CRISTO en esa ciudad y se embarca a Madrid a buscar el amparo del franquismo, en donde Martin Artazgo ministro de Relaciones Exteriores, no s\u00f2lo lo apoya,sino que lo impulsa.<\/strong><\/p>\n<p><strong>Ayer, se revel\u00f2 que El Vaticano sab\u00eca de la pederastia de Maciel desde 1943 y lo ocult\u00f2 por decenas de a\u00f1os. Finalmente, el poderoso imperio creado era la base de la econom\u00eca de Juan Pablo II, donde viaj\u00f2 9 veces, una menos que a Polonia.<\/strong><\/p>\n<p><strong>Juan Pablo II, viaj\u00f2 a M\u00e8xico 9 meses, y a la \u00f9ltima misa en la Magdalena Mixhuca, al autor le toc\u00f2 la organizaci\u00f2n por parte del Gobierno de Cuauhtemoc C\u00e0rdenas, al estar la Magdalena Mixhuca, en Iztacalco.La Iglesia, el Estado Mayor y este modesto\u00a0 autor se reunieron 12 veces en la oficina de la Delegaci\u00f2n de Iztacalco.<\/strong><\/p>\n<p><strong> Ah\u00ec se enter\u00f2 en una reuni\u00f2n de que Juan Pablo II,s\u00f2lo dispon\u00eca de energia p\u00e0ra 86 pasos, y con base en eso, se organiz\u00f2\u00a0 la misa de la Magdalena Mixhuca, la mayor, seg\u00f9n la Iglesia realizada en un s\u00f2lo lugar en la historia de la Iglesia Cat\u00f2lica: 3,5 millones de fieles,donde s\u00f2lo falleci\u00f2 una persona. un hombre de 80 a\u00f1os de un infarto en la noche esperando.<\/strong><\/p>\n<p><strong>\u00bfSiempre me pregunt\u00e8, por que Juan Pablo II, viajaba 10,000 kms, para dar 86 pasos?. Era el \u00f9ltimo favor a su protector y gu\u00eca Juan Pablo II.En el camino de esos viajes Juan Pablo y Carlos Salinas de Gortario, se llevan la vida del Cardenal Posadas Ocampo ?.<\/strong><\/p>\n<p><strong>Por donde menos se lo imagin\u00f2 Marcial Maciel, la informaci\u00f2n de los 60 casos de pederastia y de que El Vaticano ten\u00eca informaci\u00f2n\u00a0 desde 1943, de lo ocurrido con su t\u00eco abuelo, y el por que,la dieron ayer los nuevos dirigentes de los LEGIONARIOS DE CRISTO.(tomado el nombre de los Legionarios espa\u00f1oles y la via m\u00e0s directa para venir en 1941 a Espa\u00f1a y tomar todo el apoyo que lleg\u00f2 a tener.).<br \/>\n<\/strong><\/p>\n<p><strong>Asi es la vida de algunos &#8220;pr\u00f2ceres&#8221; que terminan siendo beatificados por la Iglesia Cat\u00f2lica.<\/strong><\/p>\n<p>&nbsp;<\/p>\n<!-- AddThis Advanced Settings generic via filter on the_content --><!-- AddThis Share Buttons generic via filter on the_content -->","protected":false},"excerpt":{"rendered":"<p>Marcial Maciel, nacido en Cotija, Michoacan,M\u00e8xico, fu\u00e8 enviado por sus padres a un seminario en Tlalpan, ciudad de M\u00e8xico a cargo de su t\u00eco abuelo Rafael Guizar Valencia obispo de Veracruz.Atento a lo que pasaba con Franco, su t\u00eco abuelo descubre la pederastia de Marcial y para evitar que se lo informe a los padres, [&hellip;]<!-- AddThis Advanced Settings generic via filter on get_the_excerpt --><!-- AddThis Share Buttons generic via filter on get_the_excerpt --><\/p>\n","protected":false},"author":16,"featured_media":0,"comment_status":"open","ping_status":"closed","sticky":false,"template":"","format":"standard","meta":[],"categories":[1],"tags":[],"_links":{"self":[{"href":"https:\/\/blogs.elcomercio.es\/reflexiones-de-belarmino\/wp-json\/wp\/v2\/posts\/12387"}],"collection":[{"href":"https:\/\/blogs.elcomercio.es\/reflexiones-de-belarmino\/wp-json\/wp\/v2\/posts"}],"about":[{"href":"https:\/\/blogs.elcomercio.es\/reflexiones-de-belarmino\/wp-json\/wp\/v2\/types\/post"}],"author":[{"embeddable":true,"href":"https:\/\/blogs.elcomercio.es\/reflexiones-de-belarmino\/wp-json\/wp\/v2\/users\/16"}],"replies":[{"embeddable":true,"href":"https:\/\/blogs.elcomercio.es\/reflexiones-de-belarmino\/wp-json\/wp\/v2\/comments?post=12387"}],"version-history":[{"count":3,"href":"https:\/\/blogs.elcomercio.es\/reflexiones-de-belarmino\/wp-json\/wp\/v2\/posts\/12387\/revisions"}],"predecessor-version":[{"id":12390,"href":"https:\/\/blogs.elcomercio.es\/reflexiones-de-belarmino\/wp-json\/wp\/v2\/posts\/12387\/revisions\/12390"}],"wp:attachment":[{"href":"https:\/\/blogs.elcomercio.es\/reflexiones-de-belarmino\/wp-json\/wp\/v2\/media?parent=12387"}],"wp:term":[{"taxonomy":"category","embeddable":true,"href":"https:\/\/blogs.elcomercio.es\/reflexiones-de-belarmino\/wp-json\/wp\/v2\/categories?post=12387"},{"taxonomy":"post_tag","embeddable":true,"href":"https:\/\/blogs.elcomercio.es\/reflexiones-de-belarmino\/wp-json\/wp\/v2\/tags?post=12387"}],"curies":[{"name":"wp","href":"https:\/\/api.w.org\/{rel}","templated":true}]}}