{"id":12391,"date":"2019-12-22T14:55:39","date_gmt":"2019-12-22T13:55:39","guid":{"rendered":"https:\/\/blogs.elcomercio.es\/reflexiones-de-belarmino\/?p=12391"},"modified":"2019-12-22T14:55:39","modified_gmt":"2019-12-22T13:55:39","slug":"la-abogacia-sin-necesidad-de-forzar-su-doctrinacorroborara-al-tribunal-europeo","status":"publish","type":"post","link":"https:\/\/blogs.elcomercio.es\/reflexiones-de-belarmino\/2019\/12\/22\/la-abogacia-sin-necesidad-de-forzar-su-doctrinacorroborara-al-tribunal-europeo\/","title":{"rendered":"\u00a1\u00a1LA ABOGACIA, SIN NECESIDAD DE FORZAR SU DOCTRINA,CORROBORAR\u00c0 AL TRIBUNAL EUROPEO  !!"},"content":{"rendered":"<p><strong>Esta semana, la Abogacia del Estado, sin necesidad de forzar su doctrina, corroborar\u00e0 al Tribunal Europeo.Se abrir\u00e0 as\u00ec la formacion de Gobierno en Espa\u00f1a,que podr\u00eca ampliarse a antes de Reyes.<\/strong><\/p>\n<!-- AddThis Advanced Settings generic via filter on the_content --><!-- AddThis Share Buttons generic via filter on the_content -->","protected":false},"excerpt":{"rendered":"<p>Esta semana, la Abogacia del Estado, sin necesidad de forzar su doctrina, corroborar\u00e0 al Tribunal Europeo.Se abrir\u00e0 as\u00ec la formacion de Gobierno en Espa\u00f1a,que podr\u00eca ampliarse a antes de Reyes.<!-- AddThis Advanced Settings generic via filter on get_the_excerpt --><!-- AddThis Share Buttons generic via filter on get_the_excerpt --><\/p>\n","protected":false},"author":16,"featured_media":0,"comment_status":"open","ping_status":"closed","sticky":false,"template":"","format":"standard","meta":[],"categories":[1],"tags":[],"_links":{"self":[{"href":"https:\/\/blogs.elcomercio.es\/reflexiones-de-belarmino\/wp-json\/wp\/v2\/posts\/12391"}],"collection":[{"href":"https:\/\/blogs.elcomercio.es\/reflexiones-de-belarmino\/wp-json\/wp\/v2\/posts"}],"about":[{"href":"https:\/\/blogs.elcomercio.es\/reflexiones-de-belarmino\/wp-json\/wp\/v2\/types\/post"}],"author":[{"embeddable":true,"href":"https:\/\/blogs.elcomercio.es\/reflexiones-de-belarmino\/wp-json\/wp\/v2\/users\/16"}],"replies":[{"embeddable":true,"href":"https:\/\/blogs.elcomercio.es\/reflexiones-de-belarmino\/wp-json\/wp\/v2\/comments?post=12391"}],"version-history":[{"count":2,"href":"https:\/\/blogs.elcomercio.es\/reflexiones-de-belarmino\/wp-json\/wp\/v2\/posts\/12391\/revisions"}],"predecessor-version":[{"id":12393,"href":"https:\/\/blogs.elcomercio.es\/reflexiones-de-belarmino\/wp-json\/wp\/v2\/posts\/12391\/revisions\/12393"}],"wp:attachment":[{"href":"https:\/\/blogs.elcomercio.es\/reflexiones-de-belarmino\/wp-json\/wp\/v2\/media?parent=12391"}],"wp:term":[{"taxonomy":"category","embeddable":true,"href":"https:\/\/blogs.elcomercio.es\/reflexiones-de-belarmino\/wp-json\/wp\/v2\/categories?post=12391"},{"taxonomy":"post_tag","embeddable":true,"href":"https:\/\/blogs.elcomercio.es\/reflexiones-de-belarmino\/wp-json\/wp\/v2\/tags?post=12391"}],"curies":[{"name":"wp","href":"https:\/\/api.w.org\/{rel}","templated":true}]}}