{"id":12394,"date":"2019-12-22T15:03:58","date_gmt":"2019-12-22T14:03:58","guid":{"rendered":"https:\/\/blogs.elcomercio.es\/reflexiones-de-belarmino\/?p=12394"},"modified":"2019-12-22T15:03:58","modified_gmt":"2019-12-22T14:03:58","slug":"el-ex-general-coll-fichado-por-vox-pide-que-actuen-los-poderes-del-estado-para-impedir-la-investidura-de-sanchez-y-estudiar-su-procesamiento","status":"publish","type":"post","link":"https:\/\/blogs.elcomercio.es\/reflexiones-de-belarmino\/2019\/12\/22\/el-ex-general-coll-fichado-por-vox-pide-que-actuen-los-poderes-del-estado-para-impedir-la-investidura-de-sanchez-y-estudiar-su-procesamiento\/","title":{"rendered":"\u00a1\u00a1EL  EX GENERAL COLL, FICHADO POR VOX, PIDE QUE ACTUEN&#8221; LOS PODERES DEL ESTADO&#8221; PARA IMPEDIR LA INVESTIDURA DE SANCHEZ Y ESTUDIAR SU PROCESAMIENTO !!"},"content":{"rendered":"<p><strong>De ese tama\u00f1o est\u00e0 Espa\u00f1a,rasgada entre sus extremos, una vez m\u00e0s, entre los independentistas catalanes buscando la independencia y la extrema derecha, uno de cuyos nuevos fichajes, el ex general Coll acaba de declarar que Pedro S\u00e0nchez es un peligro para la Seguridad Nacional y pide que actuen &#8220;los Poderes del Estado&#8221;, para impedir su investidura y estudiar su procesamiento.<\/strong><\/p>\n<!-- AddThis Advanced Settings generic via filter on the_content --><!-- AddThis Share Buttons generic via filter on the_content -->","protected":false},"excerpt":{"rendered":"<p>De ese tama\u00f1o est\u00e0 Espa\u00f1a,rasgada entre sus extremos, una vez m\u00e0s, entre los independentistas catalanes buscando la independencia y la extrema derecha, uno de cuyos nuevos fichajes, el ex general Coll acaba de declarar que Pedro S\u00e0nchez es un peligro para la Seguridad Nacional y pide que actuen &#8220;los Poderes del Estado&#8221;, para impedir su [&hellip;]<!-- AddThis Advanced Settings generic via filter on get_the_excerpt --><!-- AddThis Share Buttons generic via filter on get_the_excerpt --><\/p>\n","protected":false},"author":16,"featured_media":0,"comment_status":"open","ping_status":"closed","sticky":false,"template":"","format":"standard","meta":[],"categories":[1],"tags":[],"_links":{"self":[{"href":"https:\/\/blogs.elcomercio.es\/reflexiones-de-belarmino\/wp-json\/wp\/v2\/posts\/12394"}],"collection":[{"href":"https:\/\/blogs.elcomercio.es\/reflexiones-de-belarmino\/wp-json\/wp\/v2\/posts"}],"about":[{"href":"https:\/\/blogs.elcomercio.es\/reflexiones-de-belarmino\/wp-json\/wp\/v2\/types\/post"}],"author":[{"embeddable":true,"href":"https:\/\/blogs.elcomercio.es\/reflexiones-de-belarmino\/wp-json\/wp\/v2\/users\/16"}],"replies":[{"embeddable":true,"href":"https:\/\/blogs.elcomercio.es\/reflexiones-de-belarmino\/wp-json\/wp\/v2\/comments?post=12394"}],"version-history":[{"count":2,"href":"https:\/\/blogs.elcomercio.es\/reflexiones-de-belarmino\/wp-json\/wp\/v2\/posts\/12394\/revisions"}],"predecessor-version":[{"id":12396,"href":"https:\/\/blogs.elcomercio.es\/reflexiones-de-belarmino\/wp-json\/wp\/v2\/posts\/12394\/revisions\/12396"}],"wp:attachment":[{"href":"https:\/\/blogs.elcomercio.es\/reflexiones-de-belarmino\/wp-json\/wp\/v2\/media?parent=12394"}],"wp:term":[{"taxonomy":"category","embeddable":true,"href":"https:\/\/blogs.elcomercio.es\/reflexiones-de-belarmino\/wp-json\/wp\/v2\/categories?post=12394"},{"taxonomy":"post_tag","embeddable":true,"href":"https:\/\/blogs.elcomercio.es\/reflexiones-de-belarmino\/wp-json\/wp\/v2\/tags?post=12394"}],"curies":[{"name":"wp","href":"https:\/\/api.w.org\/{rel}","templated":true}]}}