{"id":12397,"date":"2019-12-22T20:08:03","date_gmt":"2019-12-22T19:08:03","guid":{"rendered":"https:\/\/blogs.elcomercio.es\/reflexiones-de-belarmino\/?p=12397"},"modified":"2019-12-22T20:08:03","modified_gmt":"2019-12-22T19:08:03","slug":"como-nos-llevo-la-transicion-gatopardista-ante-el-futuro-que-nos-aguarda","status":"publish","type":"post","link":"https:\/\/blogs.elcomercio.es\/reflexiones-de-belarmino\/2019\/12\/22\/como-nos-llevo-la-transicion-gatopardista-ante-el-futuro-que-nos-aguarda\/","title":{"rendered":"\u00a1\u00a1\u00bfC\u00d2MO NOS LLEV\u00d2 LA TRANSICION GATOPARDISTA ANTE EL FUTURO QUE NOS AGUARDA ? !!"},"content":{"rendered":"<p><strong> Tancredi, le dice a su t\u00eco el Principe de Salina, sorprendido,cuando iba a incorporarse con Garibaldi en 1861 en Sicilia: &#8220;Tio, hay que cambiar todo, para que todo siga igual&#8221; en el Gatopardo de Lampedusa, lo que se volvi\u00f2 en\u00a0 un cl\u00e0sico pol\u00ectico.<\/strong><\/p>\n<p><strong>Hemos dicho muchas veces que la Transici\u00f2n en Espa\u00f1a, impulsada por los EE:UU y la socialdemocarcia alemana, era Gatopardista, que todo habia sido cambiado, para que todo siguiera igual.<\/strong><\/p>\n<p><strong>Nos bast\u00f2 la ruptura del Bipartidismo, para que aflorasen aquellas contradicciones internas, que no se quisieron o pudieron abordar en lo que hemos conocido como la Transici\u00f2n Espa\u00f1ola, un ejemplo para el mundo en su momento en 1978.<\/strong><\/p>\n<p><strong>El bipartidismo, fue el gran impulsador de los nacionalismos catalanes y vascos.Necesitados, ambos, en su momento, de los votos de los nacionalismos, les soltaron todos los recursos que les exigian por sus exiguos esca\u00f1os.Y as\u00ec, en Catalu\u00f1a, a trav\u00e8s de Jordi Pujol,que elimin\u00f2 a Tarradellas,durante 38 a\u00f1os, llegaron aeropuertos, estaciones de tren, el Ave, y todo aquello que exig\u00ecan.A la vez, mientras una parte de los vascos escogieron otro amino, Pujol al frente de la Burgues\u00eca Auton\u00f2mica, con la corrupci\u00f2n y el 3 % de comisiones, m\u00e0s el poder de la escuela y sus medios de comunicaci\u00f2n fueron formando a una generaci\u00f2n.<\/strong><\/p>\n<p><strong>Cuando empez\u00f2 a filtrarse la corrupci\u00f2n,la Burguesia local decidi\u00f2 impulsarse para no ser una burguesia autonomica, sino UNA BURGUESIA NACIONAL.<\/strong><\/p>\n<p><strong>En el peor momento, ante Mariano Rajoy y un Supremo franquista, quisieron meter a la fuerza, con un calzador, aquella fuerza en el 1-o, lo que provoc\u00f2 la reaccion natural de la derecha espa\u00f1ola: la fuerza y la Ley.Lo siguiente se lo dejaron en manos de Rajoy que deroga en Soraya el uso de la fuerza y un problema peque\u00f1o y nacional, Rajoy y Soraya, con los hombres de Pujol, Puigdemont y Torra, se convierte en un problema con repercusiones mundiales.<br \/>\n<\/strong><\/p>\n<p><strong>A los j\u00f2venes, hijos y nietos de quienes buscaban la independencia de Espa\u00f1a, Pugdemont y Torra, los venden una UTOPIA, y ellos est\u00e0n convencidos, como nosotros ante el franquismo, de que el camino es la lucha, y de ante la desproporci\u00f2n de la Justicia Espa\u00f1ola, desacreditada en Europa,sus dirigentes son presos pol\u00ecticos. Por ello los CDR salen y salen y AHI ESTAN LOS DOS MILLONES Y MAS de aquel 1-o.<\/strong><\/p>\n<p><strong>Oxigenados, por las decisiones de la Justicia Europea,sabedores de su fuerza, ahora resulta que son el fiel de la balanza de la Espa\u00f1a dividida de siempre.<\/strong><\/p>\n<p><strong>Va a haber gobierno, pero, ojal\u00e0 y no, un gobierno con fecha de caducidad.La extrema derecha se va a foralecer y haya que observar las declaraciones\u00a0 hoy de la &#8220;derechita cobarde&#8221; como llama Abascal al PP y la DERECHONA hist\u00f2rica espa\u00f1ola que es VOX<br \/>\n<\/strong><\/p>\n<p><strong>Tardar\u00eca 40 o 45 a\u00f1os en que aquella Transici\u00f2n Gatopardista, nos conducir\u00e0 de nuevo al enfrentamiento, que nadie desea, bueno a lo mejor las derechas nacionalista y la indepedentista si lo desean.Es su forma de crecer, aunque la gran mayor\u00eca de trabajadores del campo y la ciudad, manuales e intelectuales de Espa\u00f1a seguir\u00e0n siendo perjudicados.<\/strong><\/p>\n<!-- AddThis Advanced Settings generic via filter on the_content --><!-- AddThis Share Buttons generic via filter on the_content -->","protected":false},"excerpt":{"rendered":"<p>Tancredi, le dice a su t\u00eco el Principe de Salina, sorprendido,cuando iba a incorporarse con Garibaldi en 1861 en Sicilia: &#8220;Tio, hay que cambiar todo, para que todo siga igual&#8221; en el Gatopardo de Lampedusa, lo que se volvi\u00f2 en\u00a0 un cl\u00e0sico pol\u00ectico. Hemos dicho muchas veces que la Transici\u00f2n en Espa\u00f1a, impulsada por los [&hellip;]<!-- AddThis Advanced Settings generic via filter on get_the_excerpt --><!-- AddThis Share Buttons generic via filter on get_the_excerpt --><\/p>\n","protected":false},"author":16,"featured_media":0,"comment_status":"open","ping_status":"closed","sticky":false,"template":"","format":"standard","meta":[],"categories":[1],"tags":[],"_links":{"self":[{"href":"https:\/\/blogs.elcomercio.es\/reflexiones-de-belarmino\/wp-json\/wp\/v2\/posts\/12397"}],"collection":[{"href":"https:\/\/blogs.elcomercio.es\/reflexiones-de-belarmino\/wp-json\/wp\/v2\/posts"}],"about":[{"href":"https:\/\/blogs.elcomercio.es\/reflexiones-de-belarmino\/wp-json\/wp\/v2\/types\/post"}],"author":[{"embeddable":true,"href":"https:\/\/blogs.elcomercio.es\/reflexiones-de-belarmino\/wp-json\/wp\/v2\/users\/16"}],"replies":[{"embeddable":true,"href":"https:\/\/blogs.elcomercio.es\/reflexiones-de-belarmino\/wp-json\/wp\/v2\/comments?post=12397"}],"version-history":[{"count":4,"href":"https:\/\/blogs.elcomercio.es\/reflexiones-de-belarmino\/wp-json\/wp\/v2\/posts\/12397\/revisions"}],"predecessor-version":[{"id":12401,"href":"https:\/\/blogs.elcomercio.es\/reflexiones-de-belarmino\/wp-json\/wp\/v2\/posts\/12397\/revisions\/12401"}],"wp:attachment":[{"href":"https:\/\/blogs.elcomercio.es\/reflexiones-de-belarmino\/wp-json\/wp\/v2\/media?parent=12397"}],"wp:term":[{"taxonomy":"category","embeddable":true,"href":"https:\/\/blogs.elcomercio.es\/reflexiones-de-belarmino\/wp-json\/wp\/v2\/categories?post=12397"},{"taxonomy":"post_tag","embeddable":true,"href":"https:\/\/blogs.elcomercio.es\/reflexiones-de-belarmino\/wp-json\/wp\/v2\/tags?post=12397"}],"curies":[{"name":"wp","href":"https:\/\/api.w.org\/{rel}","templated":true}]}}