{"id":12402,"date":"2019-12-23T12:36:50","date_gmt":"2019-12-23T11:36:50","guid":{"rendered":"https:\/\/blogs.elcomercio.es\/reflexiones-de-belarmino\/?p=12402"},"modified":"2019-12-23T12:36:50","modified_gmt":"2019-12-23T11:36:50","slug":"la-mesa-del-congreso-aprueba-por-unanimidad-que-26-28-y-30-haya-sesion","status":"publish","type":"post","link":"https:\/\/blogs.elcomercio.es\/reflexiones-de-belarmino\/2019\/12\/23\/la-mesa-del-congreso-aprueba-por-unanimidad-que-26-28-y-30-haya-sesion\/","title":{"rendered":"\u00a1\u00a1LA MESA DEL CONGRESO APRUEBA, POR UNANIMIDAD, QUE 26, 28 Y 30 HAYA SESION !!"},"content":{"rendered":"<p><strong>Hace un momento la Mesa del Congreso,con el apoyo de todos los partidos, acaba de tomar la decisi\u00f2n que el 26,27, 28 y 30 de diciembre haya sesiones.<\/strong><\/p>\n<p><strong>Parecer\u00eca que la sesion de Investidura se abrir\u00eca el 26; la primera votacion ser\u00eca el 28 y como Pedro S\u00e0nchez \u00f9nico candidato el frente del Gobierno de Coalici\u00f2n no tendr\u00eca el 28 los 176 votos, ser\u00eca Presidente el 30 de diciembre, en segunda votaci\u00f2n<\/strong><\/p>\n<p><strong>Ayer sali\u00f2 bastante bien el Congreso de ERC para la salida negociada y politica de su lucha, y aunque para los tiempos de ERC, le ven\u00ecan mejor el 5 de enero, por alguna raz\u00f2n, el Congreso abrir\u00e0 sus puertas del 26 al 30 de diciembre de 2019.<\/strong><\/p>\n<p><strong>Parece confirmarse lo que comentabamos de un sentido com\u00f9n m\u00e0s que de alguna informaci\u00f2n, tendremos gobierno esta a\u00f1o.<\/strong><\/p>\n<p><strong>Luego, con La Moncloa, los Presupuestos y el BOE, el ex general retirado Coll de Vox, podra gritar lo que desee y la se\u00f1ora Arrimadas igual.<\/strong><\/p>\n<!-- AddThis Advanced Settings generic via filter on the_content --><!-- AddThis Share Buttons generic via filter on the_content -->","protected":false},"excerpt":{"rendered":"<p>Hace un momento la Mesa del Congreso,con el apoyo de todos los partidos, acaba de tomar la decisi\u00f2n que el 26,27, 28 y 30 de diciembre haya sesiones. Parecer\u00eca que la sesion de Investidura se abrir\u00eca el 26; la primera votacion ser\u00eca el 28 y como Pedro S\u00e0nchez \u00f9nico candidato el frente del Gobierno de [&hellip;]<!-- AddThis Advanced Settings generic via filter on get_the_excerpt --><!-- AddThis Share Buttons generic via filter on get_the_excerpt --><\/p>\n","protected":false},"author":16,"featured_media":0,"comment_status":"open","ping_status":"closed","sticky":false,"template":"","format":"standard","meta":[],"categories":[1],"tags":[],"_links":{"self":[{"href":"https:\/\/blogs.elcomercio.es\/reflexiones-de-belarmino\/wp-json\/wp\/v2\/posts\/12402"}],"collection":[{"href":"https:\/\/blogs.elcomercio.es\/reflexiones-de-belarmino\/wp-json\/wp\/v2\/posts"}],"about":[{"href":"https:\/\/blogs.elcomercio.es\/reflexiones-de-belarmino\/wp-json\/wp\/v2\/types\/post"}],"author":[{"embeddable":true,"href":"https:\/\/blogs.elcomercio.es\/reflexiones-de-belarmino\/wp-json\/wp\/v2\/users\/16"}],"replies":[{"embeddable":true,"href":"https:\/\/blogs.elcomercio.es\/reflexiones-de-belarmino\/wp-json\/wp\/v2\/comments?post=12402"}],"version-history":[{"count":2,"href":"https:\/\/blogs.elcomercio.es\/reflexiones-de-belarmino\/wp-json\/wp\/v2\/posts\/12402\/revisions"}],"predecessor-version":[{"id":12404,"href":"https:\/\/blogs.elcomercio.es\/reflexiones-de-belarmino\/wp-json\/wp\/v2\/posts\/12402\/revisions\/12404"}],"wp:attachment":[{"href":"https:\/\/blogs.elcomercio.es\/reflexiones-de-belarmino\/wp-json\/wp\/v2\/media?parent=12402"}],"wp:term":[{"taxonomy":"category","embeddable":true,"href":"https:\/\/blogs.elcomercio.es\/reflexiones-de-belarmino\/wp-json\/wp\/v2\/categories?post=12402"},{"taxonomy":"post_tag","embeddable":true,"href":"https:\/\/blogs.elcomercio.es\/reflexiones-de-belarmino\/wp-json\/wp\/v2\/tags?post=12402"}],"curies":[{"name":"wp","href":"https:\/\/api.w.org\/{rel}","templated":true}]}}