{"id":12405,"date":"2019-12-23T14:30:56","date_gmt":"2019-12-23T13:30:56","guid":{"rendered":"https:\/\/blogs.elcomercio.es\/reflexiones-de-belarmino\/?p=12405"},"modified":"2019-12-23T14:30:56","modified_gmt":"2019-12-23T13:30:56","slug":"ante-la-euforia-soberanista-el-parlamento-europeo-duda-de-la-inmunidad-de-junqueras-y-el-fiscal-pide-que-se-suspenda-inmunidad-puigdemont","status":"publish","type":"post","link":"https:\/\/blogs.elcomercio.es\/reflexiones-de-belarmino\/2019\/12\/23\/ante-la-euforia-soberanista-el-parlamento-europeo-duda-de-la-inmunidad-de-junqueras-y-el-fiscal-pide-que-se-suspenda-inmunidad-puigdemont\/","title":{"rendered":"\u00a1\u00a1ANTE LA EUFORIA SOBERANISTA, EL PARLAMENTO EUROPEO DUDA DE LA INMUNIDAD DE JUNQUERAS Y EL FISCAL PIDE QUE SE SUSPENDA INMUNIDAD PUIGDEMONT !!"},"content":{"rendered":"<p><strong>Se pasaron los portavoces soberanistas, ante los acuerdos de la Justicia Europea, y lo hicieron de tal forma ofensivos, que lo \u00f9nico que han logrado es que la mayor parte de los espa\u00f1oles no est\u00e8n a su favor y que se oxigene la derecha\u00a0 y la Derechona espa\u00f1ola.<\/strong><\/p>\n<p><strong>Por supuesto a esas declaraciones de la vocera de ERC y de Pere Aragones,insistiendo en que ellos son el fiel de la balanza en Espa\u00f1a, han respondido ya. Fuentes de la Justicia Europea, deslizaron hoy que &#8220;el Parlamento Europeo duda de la inmunidad de Junqueras&#8221; y &#8221; La Fiscal\u00eca pide que se suspenda la inmunidad de Puigdemont y Com\u00ecn &#8220;.<\/strong><\/p>\n<p><strong>Hasta que no se produzca la segunda votaci\u00f2n, y salga Sanchez Presidente,todo puede pasar.<\/strong><\/p>\n<p><strong>Los espa\u00f1oles ya hartos, desean gobierno cuanto antes, que se creen los presupuestos, que se desatasquen los pendientes y se normalice todo lo que haya y se pueda normalizar.<\/strong><\/p>\n<!-- AddThis Advanced Settings generic via filter on the_content --><!-- AddThis Share Buttons generic via filter on the_content -->","protected":false},"excerpt":{"rendered":"<p>Se pasaron los portavoces soberanistas, ante los acuerdos de la Justicia Europea, y lo hicieron de tal forma ofensivos, que lo \u00f9nico que han logrado es que la mayor parte de los espa\u00f1oles no est\u00e8n a su favor y que se oxigene la derecha\u00a0 y la Derechona espa\u00f1ola. Por supuesto a esas declaraciones de la [&hellip;]<!-- AddThis Advanced Settings generic via filter on get_the_excerpt --><!-- AddThis Share Buttons generic via filter on get_the_excerpt --><\/p>\n","protected":false},"author":16,"featured_media":0,"comment_status":"open","ping_status":"closed","sticky":false,"template":"","format":"standard","meta":[],"categories":[1],"tags":[],"_links":{"self":[{"href":"https:\/\/blogs.elcomercio.es\/reflexiones-de-belarmino\/wp-json\/wp\/v2\/posts\/12405"}],"collection":[{"href":"https:\/\/blogs.elcomercio.es\/reflexiones-de-belarmino\/wp-json\/wp\/v2\/posts"}],"about":[{"href":"https:\/\/blogs.elcomercio.es\/reflexiones-de-belarmino\/wp-json\/wp\/v2\/types\/post"}],"author":[{"embeddable":true,"href":"https:\/\/blogs.elcomercio.es\/reflexiones-de-belarmino\/wp-json\/wp\/v2\/users\/16"}],"replies":[{"embeddable":true,"href":"https:\/\/blogs.elcomercio.es\/reflexiones-de-belarmino\/wp-json\/wp\/v2\/comments?post=12405"}],"version-history":[{"count":2,"href":"https:\/\/blogs.elcomercio.es\/reflexiones-de-belarmino\/wp-json\/wp\/v2\/posts\/12405\/revisions"}],"predecessor-version":[{"id":12407,"href":"https:\/\/blogs.elcomercio.es\/reflexiones-de-belarmino\/wp-json\/wp\/v2\/posts\/12405\/revisions\/12407"}],"wp:attachment":[{"href":"https:\/\/blogs.elcomercio.es\/reflexiones-de-belarmino\/wp-json\/wp\/v2\/media?parent=12405"}],"wp:term":[{"taxonomy":"category","embeddable":true,"href":"https:\/\/blogs.elcomercio.es\/reflexiones-de-belarmino\/wp-json\/wp\/v2\/categories?post=12405"},{"taxonomy":"post_tag","embeddable":true,"href":"https:\/\/blogs.elcomercio.es\/reflexiones-de-belarmino\/wp-json\/wp\/v2\/tags?post=12405"}],"curies":[{"name":"wp","href":"https:\/\/api.w.org\/{rel}","templated":true}]}}