{"id":12408,"date":"2019-12-23T20:14:26","date_gmt":"2019-12-23T19:14:26","guid":{"rendered":"https:\/\/blogs.elcomercio.es\/reflexiones-de-belarmino\/?p=12408"},"modified":"2019-12-23T20:14:26","modified_gmt":"2019-12-23T19:14:26","slug":"el-cada-dia-mayor-enfrentamiento-entre-el-partido-popular-y-vox-abrira-un-camino-nuevo-al-gobierno-de-coalicion","status":"publish","type":"post","link":"https:\/\/blogs.elcomercio.es\/reflexiones-de-belarmino\/2019\/12\/23\/el-cada-dia-mayor-enfrentamiento-entre-el-partido-popular-y-vox-abrira-un-camino-nuevo-al-gobierno-de-coalicion\/","title":{"rendered":"\u00a1\u00a1EL CADA D\u00ccA MAYOR ENFRENTAMIENTO ENTRE EL PARTIDO POPULAR Y VOX, ABRIR\u00c0 UN CAMINO NUEVO AL GOBIERNO DE COALICI\u00d2N !!"},"content":{"rendered":"<p><strong>Sea el 30 de diciembre o el 5 de enero, es casi un hecho que Espa\u00f1a tendr\u00e0 un Gobierno de Coalicion del PSOE y UP, a mas tardar para Reyes, pero quizas antes.<\/strong><\/p>\n<p><strong>De pronto, desde la sesi\u00f2n para elegir la nueva Mesa del Congreso, empez\u00f2 un enfrentamiento entre el Partido Popular y Vox, que al terminar ayud\u00f2 al nuevo gobierno.El haber perdido 1 secretar\u00eca le doli\u00f2 mucho a Vox, tercera fuerza del pa\u00ecs con 54 esca\u00f1os.Aspiraba a 2, pero el PP maniobr\u00f2 y los dej\u00f2 s\u00f2lo con la vicepresidencia 4.La otra se fue para Unidas Podemos<br \/>\n<\/strong><\/p>\n<p><strong>Desde entonces han sido constantes los enfrentamientos entre ambos que culmin\u00f2 hoy en la Comunidad de Madrid donde Vox no sigui\u00f2\u00a0 los dictados del PP.<\/strong><\/p>\n<p><strong>Pero, hoy, cuando todos los partidos tuvieron consenso para la ubicaci\u00f2n de los diferentes grupos en el Congreso, dejaron s\u00f2lo un lugar en primera fila para Abascal,(donde se sentaba Rivera, \u00bflo recuerda usted?), y al resto los mandaron en peque\u00f1os grupos hasta el gallinero).<\/strong><\/p>\n<p><strong>Este enfrentamiento parece algo m\u00e0s que una t\u00e0ctica de Bardaji, que dirige desde Vox a ambos partidos,siguiendo las orientaciones de Jos\u00e8 Mar\u00eca Aznar.<\/strong><\/p>\n<p><strong>De ser as\u00ec, la izquierda que tiende a dividirse desde 1921, y ahora gracias a Sanchez e Iglesias, crean el primer gobierno de coalici\u00f2n de las dos izquierdas en toda Europa, pueden encontrarse con la inesperada ayuda de la debilidad de Ciudadanos y el enfrentamiento entre el PP y VOX.<\/strong><\/p>\n<p><strong>Por donde, esa situaci\u00f2n, quitar\u00eca peso a la presencia de los independentistas, y dar\u00eca una mayor margen al Gobierno.<\/strong><\/p>\n<p><strong>Pero, cuidado, una cosa es la formaci\u00f2n de gobierno y el todos contra Sanchez y &#8220;los comunistas&#8221;, y otra es tener La Moncloa, los presupuestos y el BOE, para\u00a0 materilizar una politica que va a beneficiar aa la mayor\u00eca social y politica del pa\u00ecs, los va a afianzar.Ese Sanchez- Iglesias, ser\u00e0n duros dirigentes del Gobierno, sobre teniendo en cuenta,como todos los dem\u00e0s grupos el riesgo hist\u00f2rico de la derecha y la derechona de este pa\u00ecs.<\/strong><\/p>\n<!-- AddThis Advanced Settings generic via filter on the_content --><!-- AddThis Share Buttons generic via filter on the_content -->","protected":false},"excerpt":{"rendered":"<p>Sea el 30 de diciembre o el 5 de enero, es casi un hecho que Espa\u00f1a tendr\u00e0 un Gobierno de Coalicion del PSOE y UP, a mas tardar para Reyes, pero quizas antes. De pronto, desde la sesi\u00f2n para elegir la nueva Mesa del Congreso, empez\u00f2 un enfrentamiento entre el Partido Popular y Vox, que [&hellip;]<!-- AddThis Advanced Settings generic via filter on get_the_excerpt --><!-- AddThis Share Buttons generic via filter on get_the_excerpt --><\/p>\n","protected":false},"author":16,"featured_media":0,"comment_status":"open","ping_status":"closed","sticky":false,"template":"","format":"standard","meta":[],"categories":[1],"tags":[],"_links":{"self":[{"href":"https:\/\/blogs.elcomercio.es\/reflexiones-de-belarmino\/wp-json\/wp\/v2\/posts\/12408"}],"collection":[{"href":"https:\/\/blogs.elcomercio.es\/reflexiones-de-belarmino\/wp-json\/wp\/v2\/posts"}],"about":[{"href":"https:\/\/blogs.elcomercio.es\/reflexiones-de-belarmino\/wp-json\/wp\/v2\/types\/post"}],"author":[{"embeddable":true,"href":"https:\/\/blogs.elcomercio.es\/reflexiones-de-belarmino\/wp-json\/wp\/v2\/users\/16"}],"replies":[{"embeddable":true,"href":"https:\/\/blogs.elcomercio.es\/reflexiones-de-belarmino\/wp-json\/wp\/v2\/comments?post=12408"}],"version-history":[{"count":3,"href":"https:\/\/blogs.elcomercio.es\/reflexiones-de-belarmino\/wp-json\/wp\/v2\/posts\/12408\/revisions"}],"predecessor-version":[{"id":12411,"href":"https:\/\/blogs.elcomercio.es\/reflexiones-de-belarmino\/wp-json\/wp\/v2\/posts\/12408\/revisions\/12411"}],"wp:attachment":[{"href":"https:\/\/blogs.elcomercio.es\/reflexiones-de-belarmino\/wp-json\/wp\/v2\/media?parent=12408"}],"wp:term":[{"taxonomy":"category","embeddable":true,"href":"https:\/\/blogs.elcomercio.es\/reflexiones-de-belarmino\/wp-json\/wp\/v2\/categories?post=12408"},{"taxonomy":"post_tag","embeddable":true,"href":"https:\/\/blogs.elcomercio.es\/reflexiones-de-belarmino\/wp-json\/wp\/v2\/tags?post=12408"}],"curies":[{"name":"wp","href":"https:\/\/api.w.org\/{rel}","templated":true}]}}