{"id":12465,"date":"2019-12-27T19:09:42","date_gmt":"2019-12-27T18:09:42","guid":{"rendered":"https:\/\/blogs.elcomercio.es\/reflexiones-de-belarmino\/?p=12465"},"modified":"2019-12-27T19:09:42","modified_gmt":"2019-12-27T18:09:42","slug":"leon-aprueba-una-mocion-para-separarse-de-castilla","status":"publish","type":"post","link":"https:\/\/blogs.elcomercio.es\/reflexiones-de-belarmino\/2019\/12\/27\/leon-aprueba-una-mocion-para-separarse-de-castilla\/","title":{"rendered":"\u00a1\u00a1LE\u00d2N APRUEBA UNA MOCION PARA SEPARARSE DE CASTILLA!!"},"content":{"rendered":"<p><strong>Con el apoyo del PSOE y de Podemos, la Uni\u00f2n del Pueblo Leon\u00e8s, ha logrado ganar una moci\u00f2n para llevarla a Las Cortes, en donde se separarian con Zamora y Salamanca de Castilla.<\/strong><\/p>\n<p><strong>Se est\u00e0 produciendo un proceso en Espa\u00f1a que empez\u00f2 con Teruel Existe, con el Partido de Cantabria, a los que hay que agregar los gallegos del Bloque Nacionalista Gallego, los vascos y los catalanes, que tendr\u00e0 que ser tomada en cuenta en el nuevo modelo territorial que exige el pa\u00ecs en la pr\u00f2xima legislatura.<\/strong><\/p>\n<p><strong>Ninguna Espa\u00f1a se va a destruir. Lo que nos ha faltado, gracias al centralismo de tres siglos de los Borbones, es lograr lo que en toda Am\u00e8rica Latina, en los Estados Unidos\u00a0 es totalmente normal: EL FEDERALISMO<\/strong><\/p>\n<p>&nbsp;<\/p>\n<!-- AddThis Advanced Settings generic via filter on the_content --><!-- AddThis Share Buttons generic via filter on the_content -->","protected":false},"excerpt":{"rendered":"<p>Con el apoyo del PSOE y de Podemos, la Uni\u00f2n del Pueblo Leon\u00e8s, ha logrado ganar una moci\u00f2n para llevarla a Las Cortes, en donde se separarian con Zamora y Salamanca de Castilla. Se est\u00e0 produciendo un proceso en Espa\u00f1a que empez\u00f2 con Teruel Existe, con el Partido de Cantabria, a los que hay que [&hellip;]<!-- AddThis Advanced Settings generic via filter on get_the_excerpt --><!-- AddThis Share Buttons generic via filter on get_the_excerpt --><\/p>\n","protected":false},"author":16,"featured_media":0,"comment_status":"open","ping_status":"closed","sticky":false,"template":"","format":"standard","meta":[],"categories":[1],"tags":[],"_links":{"self":[{"href":"https:\/\/blogs.elcomercio.es\/reflexiones-de-belarmino\/wp-json\/wp\/v2\/posts\/12465"}],"collection":[{"href":"https:\/\/blogs.elcomercio.es\/reflexiones-de-belarmino\/wp-json\/wp\/v2\/posts"}],"about":[{"href":"https:\/\/blogs.elcomercio.es\/reflexiones-de-belarmino\/wp-json\/wp\/v2\/types\/post"}],"author":[{"embeddable":true,"href":"https:\/\/blogs.elcomercio.es\/reflexiones-de-belarmino\/wp-json\/wp\/v2\/users\/16"}],"replies":[{"embeddable":true,"href":"https:\/\/blogs.elcomercio.es\/reflexiones-de-belarmino\/wp-json\/wp\/v2\/comments?post=12465"}],"version-history":[{"count":2,"href":"https:\/\/blogs.elcomercio.es\/reflexiones-de-belarmino\/wp-json\/wp\/v2\/posts\/12465\/revisions"}],"predecessor-version":[{"id":12467,"href":"https:\/\/blogs.elcomercio.es\/reflexiones-de-belarmino\/wp-json\/wp\/v2\/posts\/12465\/revisions\/12467"}],"wp:attachment":[{"href":"https:\/\/blogs.elcomercio.es\/reflexiones-de-belarmino\/wp-json\/wp\/v2\/media?parent=12465"}],"wp:term":[{"taxonomy":"category","embeddable":true,"href":"https:\/\/blogs.elcomercio.es\/reflexiones-de-belarmino\/wp-json\/wp\/v2\/categories?post=12465"},{"taxonomy":"post_tag","embeddable":true,"href":"https:\/\/blogs.elcomercio.es\/reflexiones-de-belarmino\/wp-json\/wp\/v2\/tags?post=12465"}],"curies":[{"name":"wp","href":"https:\/\/api.w.org\/{rel}","templated":true}]}}