{"id":12484,"date":"2019-12-30T13:10:07","date_gmt":"2019-12-30T12:10:07","guid":{"rendered":"https:\/\/blogs.elcomercio.es\/reflexiones-de-belarmino\/?p=12484"},"modified":"2019-12-30T13:10:07","modified_gmt":"2019-12-30T12:10:07","slug":"la-abogacia-pide-que-junqueras-sea-eurodiputado-mientras-no-llegue-la-sentencia","status":"publish","type":"post","link":"https:\/\/blogs.elcomercio.es\/reflexiones-de-belarmino\/2019\/12\/30\/la-abogacia-pide-que-junqueras-sea-eurodiputado-mientras-no-llegue-la-sentencia\/","title":{"rendered":"\u00a1\u00a1LA ABOGACIA PIDE QUE JUNQUERAS SEA EURODIPUTADO MIENTRAS NO LLEGUE LA SENTENCIA !!"},"content":{"rendered":"<p><strong>Hoy en la ma\u00f1ana la Abogac\u00eca del Estado resolvi\u00f2 que a Oriol Junqueras sea Eurodiputado mientras no se pronuncie la sentencia firme .<\/strong><\/p>\n<p><strong>Aunado a lo anterior el PSOE y ERC terminaron en acuerdo sus largas conversaciones.<\/strong><\/p>\n<p><strong>Bildu, ha dicho que se abstendr\u00e0.<\/strong><\/p>\n<p><strong>Todo parece indicar que habr\u00e0 gobierno el d\u00eca 5 o unos d\u00ecas m\u00e0s tarde, lo cual es una satisfacci\u00f2n para toda Espa\u00f1a y en concreto para Asturias<br \/>\n<\/strong><\/p>\n<p><strong>Los salarios minimos interprofesionales y las jubilaciones tendr\u00e0n caracter retroactivo.<\/strong><\/p>\n<p>&nbsp;<\/p>\n<!-- AddThis Advanced Settings generic via filter on the_content --><!-- AddThis Share Buttons generic via filter on the_content -->","protected":false},"excerpt":{"rendered":"<p>Hoy en la ma\u00f1ana la Abogac\u00eca del Estado resolvi\u00f2 que a Oriol Junqueras sea Eurodiputado mientras no se pronuncie la sentencia firme . Aunado a lo anterior el PSOE y ERC terminaron en acuerdo sus largas conversaciones. Bildu, ha dicho que se abstendr\u00e0. Todo parece indicar que habr\u00e0 gobierno el d\u00eca 5 o unos d\u00ecas [&hellip;]<!-- AddThis Advanced Settings generic via filter on get_the_excerpt --><!-- AddThis Share Buttons generic via filter on get_the_excerpt --><\/p>\n","protected":false},"author":16,"featured_media":0,"comment_status":"open","ping_status":"closed","sticky":false,"template":"","format":"standard","meta":[],"categories":[1],"tags":[],"_links":{"self":[{"href":"https:\/\/blogs.elcomercio.es\/reflexiones-de-belarmino\/wp-json\/wp\/v2\/posts\/12484"}],"collection":[{"href":"https:\/\/blogs.elcomercio.es\/reflexiones-de-belarmino\/wp-json\/wp\/v2\/posts"}],"about":[{"href":"https:\/\/blogs.elcomercio.es\/reflexiones-de-belarmino\/wp-json\/wp\/v2\/types\/post"}],"author":[{"embeddable":true,"href":"https:\/\/blogs.elcomercio.es\/reflexiones-de-belarmino\/wp-json\/wp\/v2\/users\/16"}],"replies":[{"embeddable":true,"href":"https:\/\/blogs.elcomercio.es\/reflexiones-de-belarmino\/wp-json\/wp\/v2\/comments?post=12484"}],"version-history":[{"count":4,"href":"https:\/\/blogs.elcomercio.es\/reflexiones-de-belarmino\/wp-json\/wp\/v2\/posts\/12484\/revisions"}],"predecessor-version":[{"id":12488,"href":"https:\/\/blogs.elcomercio.es\/reflexiones-de-belarmino\/wp-json\/wp\/v2\/posts\/12484\/revisions\/12488"}],"wp:attachment":[{"href":"https:\/\/blogs.elcomercio.es\/reflexiones-de-belarmino\/wp-json\/wp\/v2\/media?parent=12484"}],"wp:term":[{"taxonomy":"category","embeddable":true,"href":"https:\/\/blogs.elcomercio.es\/reflexiones-de-belarmino\/wp-json\/wp\/v2\/categories?post=12484"},{"taxonomy":"post_tag","embeddable":true,"href":"https:\/\/blogs.elcomercio.es\/reflexiones-de-belarmino\/wp-json\/wp\/v2\/tags?post=12484"}],"curies":[{"name":"wp","href":"https:\/\/api.w.org\/{rel}","templated":true}]}}