{"id":12513,"date":"2020-01-01T10:59:23","date_gmt":"2020-01-01T09:59:23","guid":{"rendered":"https:\/\/blogs.elcomercio.es\/reflexiones-de-belarmino\/?p=12513"},"modified":"2020-01-01T10:59:23","modified_gmt":"2020-01-01T09:59:23","slug":"revilla-y-la-picaresca-espanola-si-no-sale-en-el-boe-el-ave-a-cantabria-no-apoyaremos-a-espana-al-no-venderemos-a-espana-por-un-ave","status":"publish","type":"post","link":"https:\/\/blogs.elcomercio.es\/reflexiones-de-belarmino\/2020\/01\/01\/revilla-y-la-picaresca-espanola-si-no-sale-en-el-boe-el-ave-a-cantabria-no-apoyaremos-a-espana-al-no-venderemos-a-espana-por-un-ave\/","title":{"rendered":"\u00a1\u00a1REVILLA Y LA PICARESCA ESPA\u00d1OLA.- &#8220;SI NO SALE EN EL BOE EL AVE A CANTABRIA NO APOYAREMOS A ESPA\u00d1A&#8221; AL &#8220;NO VENDEREMOS A ESPA\u00d1A POR UN AVE &#8221; !!"},"content":{"rendered":"<p><strong>Quiz\u00e0s alguna vez pens\u00f3 como Mario Conde. Ser una figura p\u00fablica y desde ah\u00ec poder aspirar a la presidencia.Conde termin\u00f2 en la c\u00e1rcel y Miguel Angel Revilla\u00a0 en el p\u00eccaro espa\u00f1ol, con pocos principios.<\/strong><\/p>\n<p><strong>A\u00f1os paseando con sus anchoas, en la Moncloa, en los plat\u00f3s de televisi\u00f2n, formando su propio partido paraa exigir, lo cual est\u00e0 bien, que el AVE llegara a Cantabria.Pero pronto ense\u00f1\u00f2 el cobre.<\/strong><\/p>\n<p><strong>Hace dos semanas, desde Santander, amenaz\u00f3: &#8221; SI NO SE PUBLICA EN EL BOE DE DICIEMBRE QUE EL AVE LLEGAR\u00c0 A CANTABRIA, NO APOYAREMOS A PEDRO SANCHEZ&#8221;.Pero en Madrid no est\u00e0n para amenazas, despu\u00e8s de las que ya tienen.<\/strong><\/p>\n<p><strong>Y entonces, ayer, Miguel Angel Revilla, el p\u00edcaro del siglo XXI, solt\u00f2 la siguiente: &#8221; NO VAMOS A VENDER A ESPA\u00d1A POR UN AVE &#8220;, exigiendo conocer el acuerdo con ERC, y salvar los muebles ante su pueblo.<\/strong><\/p>\n<p><strong>Chantajes, no Revilla. Usted tendr\u00e0 su AVE como gran parte de Espa\u00f1a, pero&#8230;.le va a tardar un poco m\u00e0s.<\/strong><\/p>\n<!-- AddThis Advanced Settings generic via filter on the_content --><!-- AddThis Share Buttons generic via filter on the_content -->","protected":false},"excerpt":{"rendered":"<p>Quiz\u00e0s alguna vez pens\u00f3 como Mario Conde. Ser una figura p\u00fablica y desde ah\u00ec poder aspirar a la presidencia.Conde termin\u00f2 en la c\u00e1rcel y Miguel Angel Revilla\u00a0 en el p\u00eccaro espa\u00f1ol, con pocos principios. A\u00f1os paseando con sus anchoas, en la Moncloa, en los plat\u00f3s de televisi\u00f2n, formando su propio partido paraa exigir, lo cual [&hellip;]<!-- AddThis Advanced Settings generic via filter on get_the_excerpt --><!-- AddThis Share Buttons generic via filter on get_the_excerpt --><\/p>\n","protected":false},"author":16,"featured_media":0,"comment_status":"open","ping_status":"closed","sticky":false,"template":"","format":"standard","meta":[],"categories":[1],"tags":[],"_links":{"self":[{"href":"https:\/\/blogs.elcomercio.es\/reflexiones-de-belarmino\/wp-json\/wp\/v2\/posts\/12513"}],"collection":[{"href":"https:\/\/blogs.elcomercio.es\/reflexiones-de-belarmino\/wp-json\/wp\/v2\/posts"}],"about":[{"href":"https:\/\/blogs.elcomercio.es\/reflexiones-de-belarmino\/wp-json\/wp\/v2\/types\/post"}],"author":[{"embeddable":true,"href":"https:\/\/blogs.elcomercio.es\/reflexiones-de-belarmino\/wp-json\/wp\/v2\/users\/16"}],"replies":[{"embeddable":true,"href":"https:\/\/blogs.elcomercio.es\/reflexiones-de-belarmino\/wp-json\/wp\/v2\/comments?post=12513"}],"version-history":[{"count":2,"href":"https:\/\/blogs.elcomercio.es\/reflexiones-de-belarmino\/wp-json\/wp\/v2\/posts\/12513\/revisions"}],"predecessor-version":[{"id":12515,"href":"https:\/\/blogs.elcomercio.es\/reflexiones-de-belarmino\/wp-json\/wp\/v2\/posts\/12513\/revisions\/12515"}],"wp:attachment":[{"href":"https:\/\/blogs.elcomercio.es\/reflexiones-de-belarmino\/wp-json\/wp\/v2\/media?parent=12513"}],"wp:term":[{"taxonomy":"category","embeddable":true,"href":"https:\/\/blogs.elcomercio.es\/reflexiones-de-belarmino\/wp-json\/wp\/v2\/categories?post=12513"},{"taxonomy":"post_tag","embeddable":true,"href":"https:\/\/blogs.elcomercio.es\/reflexiones-de-belarmino\/wp-json\/wp\/v2\/tags?post=12513"}],"curies":[{"name":"wp","href":"https:\/\/api.w.org\/{rel}","templated":true}]}}