{"id":12522,"date":"2020-01-02T08:16:57","date_gmt":"2020-01-02T07:16:57","guid":{"rendered":"https:\/\/blogs.elcomercio.es\/reflexiones-de-belarmino\/?p=12522"},"modified":"2020-01-02T08:16:57","modified_gmt":"2020-01-02T07:16:57","slug":"nadie-se-muere-por-la-contaminacion-sic-diaz-ayuso-presidenta-de-la-comunidad-de-madrid","status":"publish","type":"post","link":"https:\/\/blogs.elcomercio.es\/reflexiones-de-belarmino\/2020\/01\/02\/nadie-se-muere-por-la-contaminacion-sic-diaz-ayuso-presidenta-de-la-comunidad-de-madrid\/","title":{"rendered":"\u00a1\u00a1&#8221;NADIE SE MUERE POR LA CONTAMINACION &#8220;(SIC).- DIAZ AYUSO PRESIDENTA DE LA COMUNIDAD DE MADRID !!!!"},"content":{"rendered":"<p><strong>&#8221; Nadie se muere, ni se ha muerto por la contaminaci\u00f2n &#8220;, declar\u00f2 ayer en una cadena de radio,\u00a0 Isabel D\u00ecaz Ayuso la Presidenta de la Comunidad de Madrid,en su en\u00e9sima polemica gesti\u00f3n en estos meses.<\/strong><\/p>\n<p><strong>Aunque usted no se lo crea, ese es el nivel de la presidenta de la Comunidad de Madrid, por supuesto del PP.Lo ha dicho la responsable de una de las ciudades, o la m\u00e0s, de Espa\u00f1a, donde los m\u00e9dicos han declarado la muerte de m\u00e0s de 9,000 personas el a\u00f1o pasado por la contaminaci\u00f2n en esa comunidad.<\/strong><\/p>\n<p><strong>\u00bf Como llegan esos personajes no a la pol\u00ectica, sino a presidir la capital de Espa\u00f1a ?.<\/strong><\/p>\n<p><strong>Los madrile\u00f1os la votaron. La suma del PP, con Ciudadanos y Vox,la llevaron a la Presidencia.<\/strong><\/p>\n<p><strong>Esa perla se la dejamos para ustedes.<\/strong><\/p>\n<!-- AddThis Advanced Settings generic via filter on the_content --><!-- AddThis Share Buttons generic via filter on the_content -->","protected":false},"excerpt":{"rendered":"<p>&#8221; Nadie se muere, ni se ha muerto por la contaminaci\u00f2n &#8220;, declar\u00f2 ayer en una cadena de radio,\u00a0 Isabel D\u00ecaz Ayuso la Presidenta de la Comunidad de Madrid,en su en\u00e9sima polemica gesti\u00f3n en estos meses. Aunque usted no se lo crea, ese es el nivel de la presidenta de la Comunidad de Madrid, por [&hellip;]<!-- AddThis Advanced Settings generic via filter on get_the_excerpt --><!-- AddThis Share Buttons generic via filter on get_the_excerpt --><\/p>\n","protected":false},"author":16,"featured_media":0,"comment_status":"open","ping_status":"closed","sticky":false,"template":"","format":"standard","meta":[],"categories":[1],"tags":[],"_links":{"self":[{"href":"https:\/\/blogs.elcomercio.es\/reflexiones-de-belarmino\/wp-json\/wp\/v2\/posts\/12522"}],"collection":[{"href":"https:\/\/blogs.elcomercio.es\/reflexiones-de-belarmino\/wp-json\/wp\/v2\/posts"}],"about":[{"href":"https:\/\/blogs.elcomercio.es\/reflexiones-de-belarmino\/wp-json\/wp\/v2\/types\/post"}],"author":[{"embeddable":true,"href":"https:\/\/blogs.elcomercio.es\/reflexiones-de-belarmino\/wp-json\/wp\/v2\/users\/16"}],"replies":[{"embeddable":true,"href":"https:\/\/blogs.elcomercio.es\/reflexiones-de-belarmino\/wp-json\/wp\/v2\/comments?post=12522"}],"version-history":[{"count":3,"href":"https:\/\/blogs.elcomercio.es\/reflexiones-de-belarmino\/wp-json\/wp\/v2\/posts\/12522\/revisions"}],"predecessor-version":[{"id":12525,"href":"https:\/\/blogs.elcomercio.es\/reflexiones-de-belarmino\/wp-json\/wp\/v2\/posts\/12522\/revisions\/12525"}],"wp:attachment":[{"href":"https:\/\/blogs.elcomercio.es\/reflexiones-de-belarmino\/wp-json\/wp\/v2\/media?parent=12522"}],"wp:term":[{"taxonomy":"category","embeddable":true,"href":"https:\/\/blogs.elcomercio.es\/reflexiones-de-belarmino\/wp-json\/wp\/v2\/categories?post=12522"},{"taxonomy":"post_tag","embeddable":true,"href":"https:\/\/blogs.elcomercio.es\/reflexiones-de-belarmino\/wp-json\/wp\/v2\/tags?post=12522"}],"curies":[{"name":"wp","href":"https:\/\/api.w.org\/{rel}","templated":true}]}}