{"id":12551,"date":"2020-01-04T08:55:40","date_gmt":"2020-01-04T07:55:40","guid":{"rendered":"https:\/\/blogs.elcomercio.es\/reflexiones-de-belarmino\/?p=12551"},"modified":"2020-01-04T08:55:40","modified_gmt":"2020-01-04T07:55:40","slug":"la-derecha-y-la-ultraderecha-tratan-de-impedir-a-como-de-lugar-que-sanchez-sea-presidente-lastra","status":"publish","type":"post","link":"https:\/\/blogs.elcomercio.es\/reflexiones-de-belarmino\/2020\/01\/04\/la-derecha-y-la-ultraderecha-tratan-de-impedir-a-como-de-lugar-que-sanchez-sea-presidente-lastra\/","title":{"rendered":"\u00a1\u00a1&#8221; LA DERECHA Y LA ULTRADERECHA TRATAN DE IMPEDIR A COMO DE LUGAR  QUE SANCHEZ SEA PRESIDENTE&#8221;: LASTRA !!"},"content":{"rendered":"<p><strong>La decisi\u00f2n de la Junta Electoral Central de inhabilitar a Quim Torra e impedir que Oriol Junqueras se eurodiputado ayer, ha movido todos los cimientos de la clase pol\u00ectica y del marco institucional, que ha\u00a0 llevado a declarar a nombre del Partido Socialista Obrero Espa\u00f1ol a Adriana Lastra\u00a0<\/strong><\/p>\n<p><strong>&#8221; LA DERECHA Y LA ULRADERECHA TRATAN DE IMPEDIR A TODA COSTA QUE SANCHEZ SEA PRESIDENTE &#8220;.<\/strong><\/p>\n<p><strong>Lo que sucede es mucho m\u00e0s que un proceso institucional; es mucho m\u00e0s que un complejo proceso empantanado entre lo pol\u00ectico y lo jur\u00ecdico;es mucho m\u00e0s que el problema de Catalu\u00f1a, es, de nuevo, un enfrentamiento entre las dos Espa\u00f1as no visto en 80 a\u00f1os.<\/strong><\/p>\n<p><strong>Dentro de 30 minutos empieza la Sesion de Investidura.Todo un s\u00e0bado donde ,las palabras con sentido y las sin sentido, van a volar muchas hora en el Congreso, justo debajo de las marcas de los tiros de Tejero, aquel 23 F, donde Javier Cercas en su \u00f9ltimo ultimo Premio Planeta hace en 400 p\u00e0ginas en desglose de ese d\u00eca y de sus personajes, donde al\u00a0 final,un lector confirma las dudas de quien estuvo detr\u00e0s del Golpe.<br \/>\n<\/strong><\/p>\n<p><strong>\u00bfQue aquello es ya historia ?. No, lo que est\u00e0 pasando es la continuaci\u00f2n de lo que sucedio en la primera mitad del siglo XX en Espa\u00f1a, de una transici\u00f2n gatorpardisra, y de nuestro muy dificil futuro.<\/strong><\/p>\n<p><strong>El problema catal\u00e0n lo volvieron a revivir y a oxigenar desde fuera de la pol\u00ectica, en una Junta Electoral Central; que ello llev\u00f2 a Torra tras la reuni\u00f2n de la Directiva del Parlament a no renunciar &#8221; por que s\u00f2lo el parlament lo puede destituir&#8221;; a ERC a reunirse de urgencia hoy para saber que hacer y si ello lo lleva a cambiar la abstenci\u00f2n e impedir que llegue Pedro S\u00e0nchez.<\/strong><\/p>\n<p><strong>Los medios dando informaci\u00f2n sesgada o no, tendr\u00e0n el ambiente turbio como la contaminaci\u00f2n hasta el d\u00eca 7. La C\u00e0mara tendr\u00e0 hoy un d\u00eca de lo m\u00e0s desagradable entre dimes y diretes de quienes apoyan y los que rechazan al nuevo gobierno.<\/strong><\/p>\n<p><strong>Palabras como &#8221; Golpe de Estado&#8221;, &#8221; hay que sacar a la gente a las calles para impedir que esta traidor llegue&#8221;, &#8221; Sanchez di\u00f2 la orden a sus barones para que me impidieran hablar con ellos&#8221;(sic) de Arrimadas, se manejan con una frivolidad tan grande ante la ciudadania, que un observador de lo que sucedio en 1931, cuando el BOE del 26 de diciembre daba a conocer la formaci\u00f2n de aquel gobierno, de inmediato, esa noche en casa de Juan March, con el capital, el cardenal segura, los latifundistas y la derecha de siempre empezaron la &#8220;Contrarepublica&#8221;,\u00a0 no tiene m\u00e0s que\u00a0 retormar la historia para entender el futuro.<br \/>\n<\/strong><\/p>\n<p><strong>Creo que para desgracia de la derecha, ERC mantendr\u00e0 su posici\u00f2n, y el d\u00eca 7 Pedro Sanchez ser\u00e0 presidente de Espa\u00f1a,pero&#8230;.faltan 4 largos d\u00ecas.<\/strong><\/p>\n<p><strong>Y sobre todo que no hemos avanzado nada en la historia.<\/strong><\/p>\n<!-- AddThis Advanced Settings generic via filter on the_content --><!-- AddThis Share Buttons generic via filter on the_content -->","protected":false},"excerpt":{"rendered":"<p>La decisi\u00f2n de la Junta Electoral Central de inhabilitar a Quim Torra e impedir que Oriol Junqueras se eurodiputado ayer, ha movido todos los cimientos de la clase pol\u00ectica y del marco institucional, que ha\u00a0 llevado a declarar a nombre del Partido Socialista Obrero Espa\u00f1ol a Adriana Lastra\u00a0 &#8221; LA DERECHA Y LA ULRADERECHA TRATAN [&hellip;]<!-- AddThis Advanced Settings generic via filter on get_the_excerpt --><!-- AddThis Share Buttons generic via filter on get_the_excerpt --><\/p>\n","protected":false},"author":16,"featured_media":0,"comment_status":"open","ping_status":"closed","sticky":false,"template":"","format":"standard","meta":[],"categories":[1],"tags":[],"_links":{"self":[{"href":"https:\/\/blogs.elcomercio.es\/reflexiones-de-belarmino\/wp-json\/wp\/v2\/posts\/12551"}],"collection":[{"href":"https:\/\/blogs.elcomercio.es\/reflexiones-de-belarmino\/wp-json\/wp\/v2\/posts"}],"about":[{"href":"https:\/\/blogs.elcomercio.es\/reflexiones-de-belarmino\/wp-json\/wp\/v2\/types\/post"}],"author":[{"embeddable":true,"href":"https:\/\/blogs.elcomercio.es\/reflexiones-de-belarmino\/wp-json\/wp\/v2\/users\/16"}],"replies":[{"embeddable":true,"href":"https:\/\/blogs.elcomercio.es\/reflexiones-de-belarmino\/wp-json\/wp\/v2\/comments?post=12551"}],"version-history":[{"count":3,"href":"https:\/\/blogs.elcomercio.es\/reflexiones-de-belarmino\/wp-json\/wp\/v2\/posts\/12551\/revisions"}],"predecessor-version":[{"id":12554,"href":"https:\/\/blogs.elcomercio.es\/reflexiones-de-belarmino\/wp-json\/wp\/v2\/posts\/12551\/revisions\/12554"}],"wp:attachment":[{"href":"https:\/\/blogs.elcomercio.es\/reflexiones-de-belarmino\/wp-json\/wp\/v2\/media?parent=12551"}],"wp:term":[{"taxonomy":"category","embeddable":true,"href":"https:\/\/blogs.elcomercio.es\/reflexiones-de-belarmino\/wp-json\/wp\/v2\/categories?post=12551"},{"taxonomy":"post_tag","embeddable":true,"href":"https:\/\/blogs.elcomercio.es\/reflexiones-de-belarmino\/wp-json\/wp\/v2\/tags?post=12551"}],"curies":[{"name":"wp","href":"https:\/\/api.w.org\/{rel}","templated":true}]}}