{"id":12555,"date":"2020-01-04T09:44:42","date_gmt":"2020-01-04T08:44:42","guid":{"rendered":"https:\/\/blogs.elcomercio.es\/reflexiones-de-belarmino\/?p=12555"},"modified":"2020-01-04T09:44:42","modified_gmt":"2020-01-04T08:44:42","slug":"pero-tambien-de-este-proceso-puede-salir-la-nueva-espana-modelo-para-europa","status":"publish","type":"post","link":"https:\/\/blogs.elcomercio.es\/reflexiones-de-belarmino\/2020\/01\/04\/pero-tambien-de-este-proceso-puede-salir-la-nueva-espana-modelo-para-europa\/","title":{"rendered":"\u00a1\u00a1 PERO&#8230;&#8230;&#8230;TAMBI\u00c9N, DE ESTE PROCESO, PUEDE SALIR LA NUEVA ESPA\u00d1A MODELO PARA EUROPA !!"},"content":{"rendered":"<p><strong>Pero,sobre el an\u00e0lisis anterior, hay una opci\u00f2n posible que deseamos la mayoria social pol\u00ectica y constitucionalista, que es dar un golpe de tim\u00f2n a aquella nefasta etapa del Partido Popular, a la que un hombre tuvo la sensibilidad de tirar con una Moci\u00f2n de Censura.Ese hombre se llama Pedro S\u00e0nchez.<\/strong><\/p>\n<p><strong>Es cierto que la derecha esta dispuesta a todo, pero la IZQUIERDA TAMBIEN.<\/strong><\/p>\n<p><strong>El primer paso es llegar a formar gobierno, donde ahaora hay m\u00e0s SI que NO, y donde dificilmente ERC va a cambiar.<\/strong><\/p>\n<p><strong>Ya con gobierno, en La Moncloa, con los resortes del poder, los presupuestos del Estado y el BOE, se echar\u00e0 a andar un pa\u00ecs donde conforme pasen los meses los ciudadanos ir\u00e0n separando el polvo\u00a0 de la paja.<\/strong><\/p>\n<p><strong>Recuerdo el griterio, la histeria por sacar a Franco de CuelgaMuros.\u00bf Donde quedaron ?,\u00bf cuantas flores le habr\u00e0n llevado a aquellos nostalgicos al PP, a VOX a su nueva tumba ?.<\/strong><\/p>\n<p><strong>Dec\u00eca Echenique hacia unos d\u00ecas: &#8221; A la ultraderecha se les enfrenta gobernando &#8220;.<\/strong><\/p>\n<p>&nbsp;<\/p>\n<p>&nbsp;<\/p>\n<!-- AddThis Advanced Settings generic via filter on the_content --><!-- AddThis Share Buttons generic via filter on the_content -->","protected":false},"excerpt":{"rendered":"<p>Pero,sobre el an\u00e0lisis anterior, hay una opci\u00f2n posible que deseamos la mayoria social pol\u00ectica y constitucionalista, que es dar un golpe de tim\u00f2n a aquella nefasta etapa del Partido Popular, a la que un hombre tuvo la sensibilidad de tirar con una Moci\u00f2n de Censura.Ese hombre se llama Pedro S\u00e0nchez. Es cierto que la derecha [&hellip;]<!-- AddThis Advanced Settings generic via filter on get_the_excerpt --><!-- AddThis Share Buttons generic via filter on get_the_excerpt --><\/p>\n","protected":false},"author":16,"featured_media":0,"comment_status":"open","ping_status":"closed","sticky":false,"template":"","format":"standard","meta":[],"categories":[1],"tags":[],"_links":{"self":[{"href":"https:\/\/blogs.elcomercio.es\/reflexiones-de-belarmino\/wp-json\/wp\/v2\/posts\/12555"}],"collection":[{"href":"https:\/\/blogs.elcomercio.es\/reflexiones-de-belarmino\/wp-json\/wp\/v2\/posts"}],"about":[{"href":"https:\/\/blogs.elcomercio.es\/reflexiones-de-belarmino\/wp-json\/wp\/v2\/types\/post"}],"author":[{"embeddable":true,"href":"https:\/\/blogs.elcomercio.es\/reflexiones-de-belarmino\/wp-json\/wp\/v2\/users\/16"}],"replies":[{"embeddable":true,"href":"https:\/\/blogs.elcomercio.es\/reflexiones-de-belarmino\/wp-json\/wp\/v2\/comments?post=12555"}],"version-history":[{"count":3,"href":"https:\/\/blogs.elcomercio.es\/reflexiones-de-belarmino\/wp-json\/wp\/v2\/posts\/12555\/revisions"}],"predecessor-version":[{"id":12558,"href":"https:\/\/blogs.elcomercio.es\/reflexiones-de-belarmino\/wp-json\/wp\/v2\/posts\/12555\/revisions\/12558"}],"wp:attachment":[{"href":"https:\/\/blogs.elcomercio.es\/reflexiones-de-belarmino\/wp-json\/wp\/v2\/media?parent=12555"}],"wp:term":[{"taxonomy":"category","embeddable":true,"href":"https:\/\/blogs.elcomercio.es\/reflexiones-de-belarmino\/wp-json\/wp\/v2\/categories?post=12555"},{"taxonomy":"post_tag","embeddable":true,"href":"https:\/\/blogs.elcomercio.es\/reflexiones-de-belarmino\/wp-json\/wp\/v2\/tags?post=12555"}],"curies":[{"name":"wp","href":"https:\/\/api.w.org\/{rel}","templated":true}]}}