{"id":12622,"date":"2020-01-06T19:28:26","date_gmt":"2020-01-06T18:28:26","guid":{"rendered":"https:\/\/blogs.elcomercio.es\/reflexiones-de-belarmino\/?p=12622"},"modified":"2020-01-06T19:28:26","modified_gmt":"2020-01-06T18:28:26","slug":"los-diferentes-destinos-de-los-aumentos-del-petroleo","status":"publish","type":"post","link":"https:\/\/blogs.elcomercio.es\/reflexiones-de-belarmino\/2020\/01\/06\/los-diferentes-destinos-de-los-aumentos-del-petroleo\/","title":{"rendered":"\u00a1\u00a1  LOS DIFERENTES DESTINOS DE LOS AUMENTOS DEL PETROLEO!!"},"content":{"rendered":"<p><strong>Vamos a anlizar lo que significa con los aumentos del petroleo. Para los paises como en Europa y concretamente en Espa\u00f1A, significa un aumento en los combustibles y todo aquello ligado a ello como los transportes,lo quemsignificar\u00e0 aumento generalizado de precios.<br \/>\n<\/strong><\/p>\n<p><strong>Para otros, una ganancia que beneficia a las oligarqu\u00ecas o a la poblaci\u00f2n en Am\u00e8rica Latina y un\u00a0 enriquecimiento a los grandes productores como Arabia Saudita y Rusia.<\/strong><\/p>\n<p><strong>Hay un dato secreto para todos los paises:\u00bf cuanto cuesta extraer el producto en sus paises y sus zonas?, que seguira siendo ultrasecreto.<\/strong><\/p>\n<p><strong>Pero lo que poco a poco empieza a aparecer es \u00bfA QUE PRECIO DEL PETROLEO SE HACEN LOS PRESUPUESTOS EN TODO EL MUNDO?.<\/strong><\/p>\n<p><strong>Tengo hoy s\u00f2lo un referente que se ha hecho publico: el de M\u00e8xico. Los presupuestos para el 2020 est\u00e0n calculados con el petroleo en 49 d\u00f2lares.<\/strong><\/p>\n<p><strong>Hace unos a\u00f1os, en la misma zona, cuando el precio del barril subi\u00f2 hasta 110 dolares el barril, las enormes riquezas tuvieron dos destinos. En M\u00e8xico la oligarqu\u00eca se qued\u00f2 con ellos y se hicieron las tremendas fortunas del presidente en turno y de sus amigos.<\/strong><\/p>\n<p><strong>En Venezuela Chavez, raparti\u00f2 los excedentes entre &#8220;los monos&#8221; como llamaban los Guaid\u00f2,y la oligarqu\u00eca veneolana a los trabajadores de los cinturones de miseria que todos sabemos que rodean las grandes urbes.Ello le di\u00f2 respaldo popular por\u00a0 cuatro elecciones y cuando los Estados Unidos liquidaron a Chavez,como ayer a Sulaimani,y se lanzaron tras le desestabilizaci\u00f2n del pa\u00ecs que han logrado miserablemente co millones de exilados, pobreza, pero Maduro no ha caido por que arm\u00f2 al pueblo.<\/strong><\/p>\n<p><strong>Lo que digan las agencias internacionales de noticias de occidente, no han reflejado la realidad, y por ello, todos se preguntan, \u00bf y por que no ha caido Maduro ?.<\/strong><\/p>\n<p><strong>Pero resuelta que en M\u00e8xico, la Cuarta Fase, encuentra en este pa\u00ecs a un gobierno en favor del pueblo, en una acci\u00f2n conjunta entre el Estado y el Sector Privado, que se encuentra hoy con el siguiente escenario.<\/strong><\/p>\n<p><strong>Los presupuestos de M\u00e8xico se calcularon a 49 d\u00f2lares el barril . Tiene una producci\u00f2n de 2,1 millones de barriles diarios(Arabia Saudita 10).<\/strong><\/p>\n<p><strong>Al precio de hoy, cada d\u00eca, tienen un extra de 21 dolares por barril, que con una extracci\u00f2n diaria de 2.1 millones, est\u00e0n significando 45 millones de dolares diarios, que ir\u00e0n a enriquecer el presupuesto, y por ello las ventajas para los programas sociales. Si se mantuviese a los 70 d\u00f2lares durante el a\u00f1o significar\u00ecan 16,475 millones de d\u00f2lares extras.<\/strong><\/p>\n<p><strong>Pero si usted analiza Venezuela en el pasado, entender\u00e0 la fuerza de Chavez, y la de M\u00e8xico, con Calderon y Pe\u00f1a Nieto encontrar\u00e0 la tremenda corrupci\u00f2n.<\/strong><\/p>\n<p><strong>Hoy para sus adentros Andr\u00e8s Manuel L\u00f2pez Obrador, lo conocemos bien, estar\u00e0 pensando que hacer con ellos en su programas.<\/strong><\/p>\n<p><strong>\u00bf Ser\u00e0 por ello que hoy inform\u00f2 que va a entrar a reformar las vergonzosas pensiones( un 30 % de su salario, de por si raqu\u00ectico) que se encontr\u00f2 en el pa\u00ecs, producto de que en LAS EPOCAS DEL PRI LOS GOBIERNOS SE COMIERON LAS RESERVAS.<br \/>\n<\/strong><\/p>\n<p><strong>\u00bf Nos suena\u00a0 de algo las huchas de las pensiones en Espa\u00f1a ?<\/strong><\/p>\n<!-- AddThis Advanced Settings generic via filter on the_content --><!-- AddThis Share Buttons generic via filter on the_content -->","protected":false},"excerpt":{"rendered":"<p>Vamos a anlizar lo que significa con los aumentos del petroleo. Para los paises como en Europa y concretamente en Espa\u00f1A, significa un aumento en los combustibles y todo aquello ligado a ello como los transportes,lo quemsignificar\u00e0 aumento generalizado de precios. Para otros, una ganancia que beneficia a las oligarqu\u00ecas o a la poblaci\u00f2n en [&hellip;]<!-- AddThis Advanced Settings generic via filter on get_the_excerpt --><!-- AddThis Share Buttons generic via filter on get_the_excerpt --><\/p>\n","protected":false},"author":16,"featured_media":0,"comment_status":"open","ping_status":"closed","sticky":false,"template":"","format":"standard","meta":[],"categories":[1],"tags":[],"_links":{"self":[{"href":"https:\/\/blogs.elcomercio.es\/reflexiones-de-belarmino\/wp-json\/wp\/v2\/posts\/12622"}],"collection":[{"href":"https:\/\/blogs.elcomercio.es\/reflexiones-de-belarmino\/wp-json\/wp\/v2\/posts"}],"about":[{"href":"https:\/\/blogs.elcomercio.es\/reflexiones-de-belarmino\/wp-json\/wp\/v2\/types\/post"}],"author":[{"embeddable":true,"href":"https:\/\/blogs.elcomercio.es\/reflexiones-de-belarmino\/wp-json\/wp\/v2\/users\/16"}],"replies":[{"embeddable":true,"href":"https:\/\/blogs.elcomercio.es\/reflexiones-de-belarmino\/wp-json\/wp\/v2\/comments?post=12622"}],"version-history":[{"count":4,"href":"https:\/\/blogs.elcomercio.es\/reflexiones-de-belarmino\/wp-json\/wp\/v2\/posts\/12622\/revisions"}],"predecessor-version":[{"id":12626,"href":"https:\/\/blogs.elcomercio.es\/reflexiones-de-belarmino\/wp-json\/wp\/v2\/posts\/12622\/revisions\/12626"}],"wp:attachment":[{"href":"https:\/\/blogs.elcomercio.es\/reflexiones-de-belarmino\/wp-json\/wp\/v2\/media?parent=12622"}],"wp:term":[{"taxonomy":"category","embeddable":true,"href":"https:\/\/blogs.elcomercio.es\/reflexiones-de-belarmino\/wp-json\/wp\/v2\/categories?post=12622"},{"taxonomy":"post_tag","embeddable":true,"href":"https:\/\/blogs.elcomercio.es\/reflexiones-de-belarmino\/wp-json\/wp\/v2\/tags?post=12622"}],"curies":[{"name":"wp","href":"https:\/\/api.w.org\/{rel}","templated":true}]}}