{"id":12636,"date":"2020-01-07T14:51:46","date_gmt":"2020-01-07T13:51:46","guid":{"rendered":"https:\/\/blogs.elcomercio.es\/reflexiones-de-belarmino\/?p=12636"},"modified":"2020-01-07T14:51:46","modified_gmt":"2020-01-07T13:51:46","slug":"pedro-sanchez-presidente-del-gobierno-de-espana-para-4-anos","status":"publish","type":"post","link":"https:\/\/blogs.elcomercio.es\/reflexiones-de-belarmino\/2020\/01\/07\/pedro-sanchez-presidente-del-gobierno-de-espana-para-4-anos\/","title":{"rendered":"\u00a1\u00a1\u00a1\u00a1\u00a1PEDRO SANCHEZ PRESIDENTE DEL GOBIERNO DE ESPA\u00d1A PARA 4 A\u00d1OS !!!!!"},"content":{"rendered":"<p><strong>No hubo necesidad de la opci\u00f2n B. Todos los diputados cumplieron con su palabra, y la derecha no pudo convencer a nadie.<\/strong><\/p>\n<p><strong>Hace unos minutos el Congreso de los Diputados elegi\u00f3 por mayor\u00eca simple a Pedro Sanchez,y con ello al Gobierno de Coalici\u00f2n con Unidas Podemos.<\/strong><\/p>\n<p><strong>Se acabaron los gritos y las palabras altisonantes.La derecha en sus constantes gritos al Rey, fracas\u00f2, y manch\u00f2 a la monarqu\u00eca sin darse cuenta.Si de algo quier\u00eca separarse Felipe VI era que no se le ubicase cercanos a la derecha de VOX, PP y C`S.<br \/>\n<\/strong><\/p>\n<p><strong>Ma\u00f1ana tomar\u00e0 protesta como Presidente del Gobierno a Pedro S\u00e0nchez en La Zarzuela, y el jueves el presidente har\u00e0 publico su gabinete, y en la fotografia en la puerta de La Moncloa, quedar\u00e0 plasmado el primer Gobierno de Coalici\u00f2n de la Democracia Espa\u00f1ola.<br \/>\n<\/strong><\/p>\n<p><strong>El viernes se celebrar\u00e0 el primer Consejo de Ministros y de inmediato se trabajar\u00e0 para la formaci\u00f2n de los Presupuestos Generales.<\/strong><\/p>\n<p><strong>Los diputados cumplieron con el pueblo espa\u00f1ol despu\u00e8s de cuatro votaciones, y a partir de este momento hay Gobierno en Espa\u00f1a.<\/strong><\/p>\n<p><strong>Una cosa es tener el gobierno nacional, la mayor parte de los gobiernos del pa\u00ecs, los Presupuestos Generales y el BOE, y otra estar en minor\u00eca en la sociedad<br \/>\n<\/strong><\/p>\n<p><strong>\u00bf Donde quedaron aquellos que tomaban las calles, ped\u00ecan la ayuda de El Vaticano,el prior, los franquistas y la familia del dictador, tras todos aquellos meses de gritos furiosos y de ruido constante\u00a0 em defensa del ex dictador Francisco Franco ?<\/strong><\/p>\n<p><strong>As\u00ec veremos a la ultraderecha, la derecha, sin tomar en cuenta a aquellos 10 diputadas ir\u00e0n hacia la nada,como su ex-lider.<\/strong><\/p>\n<!-- AddThis Advanced Settings generic via filter on the_content --><!-- AddThis Share Buttons generic via filter on the_content -->","protected":false},"excerpt":{"rendered":"<p>No hubo necesidad de la opci\u00f2n B. Todos los diputados cumplieron con su palabra, y la derecha no pudo convencer a nadie. Hace unos minutos el Congreso de los Diputados elegi\u00f3 por mayor\u00eca simple a Pedro Sanchez,y con ello al Gobierno de Coalici\u00f2n con Unidas Podemos. Se acabaron los gritos y las palabras altisonantes.La derecha [&hellip;]<!-- AddThis Advanced Settings generic via filter on get_the_excerpt --><!-- AddThis Share Buttons generic via filter on get_the_excerpt --><\/p>\n","protected":false},"author":16,"featured_media":0,"comment_status":"open","ping_status":"closed","sticky":false,"template":"","format":"standard","meta":[],"categories":[1],"tags":[],"_links":{"self":[{"href":"https:\/\/blogs.elcomercio.es\/reflexiones-de-belarmino\/wp-json\/wp\/v2\/posts\/12636"}],"collection":[{"href":"https:\/\/blogs.elcomercio.es\/reflexiones-de-belarmino\/wp-json\/wp\/v2\/posts"}],"about":[{"href":"https:\/\/blogs.elcomercio.es\/reflexiones-de-belarmino\/wp-json\/wp\/v2\/types\/post"}],"author":[{"embeddable":true,"href":"https:\/\/blogs.elcomercio.es\/reflexiones-de-belarmino\/wp-json\/wp\/v2\/users\/16"}],"replies":[{"embeddable":true,"href":"https:\/\/blogs.elcomercio.es\/reflexiones-de-belarmino\/wp-json\/wp\/v2\/comments?post=12636"}],"version-history":[{"count":3,"href":"https:\/\/blogs.elcomercio.es\/reflexiones-de-belarmino\/wp-json\/wp\/v2\/posts\/12636\/revisions"}],"predecessor-version":[{"id":12639,"href":"https:\/\/blogs.elcomercio.es\/reflexiones-de-belarmino\/wp-json\/wp\/v2\/posts\/12636\/revisions\/12639"}],"wp:attachment":[{"href":"https:\/\/blogs.elcomercio.es\/reflexiones-de-belarmino\/wp-json\/wp\/v2\/media?parent=12636"}],"wp:term":[{"taxonomy":"category","embeddable":true,"href":"https:\/\/blogs.elcomercio.es\/reflexiones-de-belarmino\/wp-json\/wp\/v2\/categories?post=12636"},{"taxonomy":"post_tag","embeddable":true,"href":"https:\/\/blogs.elcomercio.es\/reflexiones-de-belarmino\/wp-json\/wp\/v2\/tags?post=12636"}],"curies":[{"name":"wp","href":"https:\/\/api.w.org\/{rel}","templated":true}]}}