{"id":12640,"date":"2020-01-07T18:01:39","date_gmt":"2020-01-07T17:01:39","guid":{"rendered":"https:\/\/blogs.elcomercio.es\/reflexiones-de-belarmino\/?p=12640"},"modified":"2020-01-07T18:01:39","modified_gmt":"2020-01-07T17:01:39","slug":"si-hay-que-fusilar-fusilaremos-militante-de-vox-en-teruel","status":"publish","type":"post","link":"https:\/\/blogs.elcomercio.es\/reflexiones-de-belarmino\/2020\/01\/07\/si-hay-que-fusilar-fusilaremos-militante-de-vox-en-teruel\/","title":{"rendered":"\u00a1\u00a1&#8221;SI HAY QUE FUSILAR, FUSILAREMOS &#8220;, MILITANTE DE VOX EN TERUEL !!"},"content":{"rendered":"<p><strong>Si a algui\u00e8n no le perdona la derecha extrema, es al representante de TERUEL EXISTE.En cuanto dijo que apoyar\u00eca la candidatura de Pedro Sanchez, empezaron a pintar su casa acusandolo de traidor para arriba.Hoy nos enteramos en la ma\u00f1ana que habia recibido 8,000 correos amenaz\u00e0ndolo a \u00e8l y a su familia si votaba en favor de S\u00e0nchez, y Adriana Lastra resalto el hecho de que ante las amenazas habia tenido que dormir fuera de su casa.<br \/>\n<\/strong><\/p>\n<p><strong>Y el hombre mantuvo su decisi\u00f2n.<\/strong><\/p>\n<p><strong>Hace un momento, una televisora estaba en Teruel consultando a un se\u00f1or mayor sobre lo que opinaba sobre ese tema, cuando de pronto aparece una mujer menor a 30 a\u00f1os, quita al entrevistado y se enfrenta a la c\u00e0mara: Se declar\u00f2 miembro de Vox, hizo alabanzas a Abascal y no bajo de antipatriota, traidor al representante de ese partido, pero en plenitud de su alocuci\u00f2pn solt\u00f2 lo siguiente: \u00a1\u00a1&#8221; SI HAY QUE FUSILARLOS, LOS FUSILAMOS &#8220;!!. refiriendose a los enemigos de Espa\u00f1a.<br \/>\n<\/strong><\/p>\n<p><strong>89 a\u00f1os m\u00e0s tarde de aquel 1931, volvieron, al ser derrotados, los ataques de los fascistass.<\/strong><\/p>\n<p><strong>Ese es el ambiente que est\u00e0n creando, una vez m\u00e0s el fascsismo espa\u00f1ol.<\/strong><\/p>\n<p><strong>Dejo su registro, y llamo la atenci\u00f2n<\/strong><\/p>\n<p>&nbsp;<\/p>\n<!-- AddThis Advanced Settings generic via filter on the_content --><!-- AddThis Share Buttons generic via filter on the_content -->","protected":false},"excerpt":{"rendered":"<p>Si a algui\u00e8n no le perdona la derecha extrema, es al representante de TERUEL EXISTE.En cuanto dijo que apoyar\u00eca la candidatura de Pedro Sanchez, empezaron a pintar su casa acusandolo de traidor para arriba.Hoy nos enteramos en la ma\u00f1ana que habia recibido 8,000 correos amenaz\u00e0ndolo a \u00e8l y a su familia si votaba en favor [&hellip;]<!-- AddThis Advanced Settings generic via filter on get_the_excerpt --><!-- AddThis Share Buttons generic via filter on get_the_excerpt --><\/p>\n","protected":false},"author":16,"featured_media":0,"comment_status":"open","ping_status":"closed","sticky":false,"template":"","format":"standard","meta":[],"categories":[1],"tags":[],"_links":{"self":[{"href":"https:\/\/blogs.elcomercio.es\/reflexiones-de-belarmino\/wp-json\/wp\/v2\/posts\/12640"}],"collection":[{"href":"https:\/\/blogs.elcomercio.es\/reflexiones-de-belarmino\/wp-json\/wp\/v2\/posts"}],"about":[{"href":"https:\/\/blogs.elcomercio.es\/reflexiones-de-belarmino\/wp-json\/wp\/v2\/types\/post"}],"author":[{"embeddable":true,"href":"https:\/\/blogs.elcomercio.es\/reflexiones-de-belarmino\/wp-json\/wp\/v2\/users\/16"}],"replies":[{"embeddable":true,"href":"https:\/\/blogs.elcomercio.es\/reflexiones-de-belarmino\/wp-json\/wp\/v2\/comments?post=12640"}],"version-history":[{"count":2,"href":"https:\/\/blogs.elcomercio.es\/reflexiones-de-belarmino\/wp-json\/wp\/v2\/posts\/12640\/revisions"}],"predecessor-version":[{"id":12642,"href":"https:\/\/blogs.elcomercio.es\/reflexiones-de-belarmino\/wp-json\/wp\/v2\/posts\/12640\/revisions\/12642"}],"wp:attachment":[{"href":"https:\/\/blogs.elcomercio.es\/reflexiones-de-belarmino\/wp-json\/wp\/v2\/media?parent=12640"}],"wp:term":[{"taxonomy":"category","embeddable":true,"href":"https:\/\/blogs.elcomercio.es\/reflexiones-de-belarmino\/wp-json\/wp\/v2\/categories?post=12640"},{"taxonomy":"post_tag","embeddable":true,"href":"https:\/\/blogs.elcomercio.es\/reflexiones-de-belarmino\/wp-json\/wp\/v2\/tags?post=12640"}],"curies":[{"name":"wp","href":"https:\/\/api.w.org\/{rel}","templated":true}]}}