{"id":12643,"date":"2020-01-07T21:40:39","date_gmt":"2020-01-07T20:40:39","guid":{"rendered":"https:\/\/blogs.elcomercio.es\/reflexiones-de-belarmino\/?p=12643"},"modified":"2020-01-07T21:40:39","modified_gmt":"2020-01-07T20:40:39","slug":"para-el-bien-de-asturias-y-de-espana-tenemos-gobiernos-de-izquierdanuestra-raiz","status":"publish","type":"post","link":"https:\/\/blogs.elcomercio.es\/reflexiones-de-belarmino\/2020\/01\/07\/para-el-bien-de-asturias-y-de-espana-tenemos-gobiernos-de-izquierdanuestra-raiz\/","title":{"rendered":"\u00a1\u00a1PARA EL BIEN DE ASTURIAS Y DE ESPA\u00d1A TENEMOS GOBIERNOS DE IZQUIERDA,NUESTRA RAIZ!!"},"content":{"rendered":"<p><strong>Pueden gritar, rasgarse las vestidura, amenazar, pero la mayoria espa\u00f1ola de izquierda,de trabajadores del campo y la ciudad, manuales e intelectuales, HOY GOBIERNA ESPA\u00d1A Y, POR SUPUESTO, ASTURIAS.<\/strong><\/p>\n<p><strong>Somos tan espa\u00f1oles y respetuosos de la legalidad, de la CONSTITUCION DE 1978, COMO LOS QUE M\u00c0S.Nadie nos va a dar a nosotros los asturianos lecciones de lucha de toda la vida, de ser consecuentes con nuestras ideas y un PUEBLO LUCHADOR.Aqu\u00ec no aceptamos que se nos venga con amenazas.<\/strong><\/p>\n<p><strong>Nuestra historia nos avala.<\/strong><\/p>\n<p><strong>Ahora lo que corresponde es EMPEZAR A TRABAJAR CON ENTUSIASMO por el futuro de nuestros hijos y de nuestros nietos.<\/strong><\/p>\n<p><strong>\u00bf Que no va a ser facil?. Nadie lo ha pensado, pero conforme empecemos a gobernar en beneficio de las mayor\u00ecas, nos iremos fortaleciendo. Ese es el ant\u00ecdoto a la extrema derecha y la derecha del pa\u00ecs.<\/strong><\/p>\n<p><strong>Conforme el pueblo espa\u00f1ol empiece a ver los beneficios para la mayor\u00eca y el pa\u00ecs, paulatinamente se van a reduciendo las frases agresivas,insultantes.<br \/>\n<\/strong><\/p>\n<p><strong>Hoy estamos fortalecidos. A los socialistas, y no entran en esa categor\u00eca los Page, los Lamban y Vara, que negaron\u00a0 el apoyo a nuestro presidente Pedro Sanchez,y diero pie a la ridicula se\u00f1oara Arrimadas, otra &#8221; que el viento se la llevar\u00e0 &#8221; pero sobre todo a las mayor\u00ecas.<\/strong><\/p>\n<p><strong>Lo que quedaba de los famosos &#8220;barones&#8221;, los van a arrasar los militantes.Si alguien duda de la fuerza de ellos, Asturias les pone un ejemplo: Adriana Lastra, ante el asturiano de la camada de Lamban, Page y Vara, del &#8220;que viento se llev\u00f2&#8221; ,un tal Fern\u00e0ndez<\/strong><\/p>\n<p><strong>El proyecto se va a fortalecer con Unidas Podemos, donde quiero destacar las l\u00e0grimas de Pablo Iglesia y Herrej\u00f2n hoy al formar parte del gobierno y de la compa\u00f1era qe con cartel terminal hoy no falt\u00f2 en la votaci\u00f2n<br \/>\n<\/strong><\/p>\n<p><strong>Pablo Iglesias, ser\u00e0 el Vicepresidente de Asuntos Sociales, y creo que no hay nadie mejor para la mayoria que \u00e8l, en el pa\u00ecs<br \/>\n<\/strong><\/p>\n<p><strong>No va a ser facil encauzar por la v\u00eca pol\u00ectica por el problema de Catalu\u00f1a, pero se va a romper la dependencia de ella de las togas, como nos lo dej\u00f2 Mariano Rajoy.<\/strong><\/p>\n<p><strong>Pues hoy empezamos una nueva \u00e8poca.<\/strong><\/p>\n<p><strong> FELICIDADES A PEDRO SANCHEZ EJEMPLO DE RESISTENCIA.<\/strong><\/p>\n<!-- AddThis Advanced Settings generic via filter on the_content --><!-- AddThis Share Buttons generic via filter on the_content -->","protected":false},"excerpt":{"rendered":"<p>Pueden gritar, rasgarse las vestidura, amenazar, pero la mayoria espa\u00f1ola de izquierda,de trabajadores del campo y la ciudad, manuales e intelectuales, HOY GOBIERNA ESPA\u00d1A Y, POR SUPUESTO, ASTURIAS. Somos tan espa\u00f1oles y respetuosos de la legalidad, de la CONSTITUCION DE 1978, COMO LOS QUE M\u00c0S.Nadie nos va a dar a nosotros los asturianos lecciones de [&hellip;]<!-- AddThis Advanced Settings generic via filter on get_the_excerpt --><!-- AddThis Share Buttons generic via filter on get_the_excerpt --><\/p>\n","protected":false},"author":16,"featured_media":0,"comment_status":"open","ping_status":"closed","sticky":false,"template":"","format":"standard","meta":[],"categories":[1],"tags":[],"_links":{"self":[{"href":"https:\/\/blogs.elcomercio.es\/reflexiones-de-belarmino\/wp-json\/wp\/v2\/posts\/12643"}],"collection":[{"href":"https:\/\/blogs.elcomercio.es\/reflexiones-de-belarmino\/wp-json\/wp\/v2\/posts"}],"about":[{"href":"https:\/\/blogs.elcomercio.es\/reflexiones-de-belarmino\/wp-json\/wp\/v2\/types\/post"}],"author":[{"embeddable":true,"href":"https:\/\/blogs.elcomercio.es\/reflexiones-de-belarmino\/wp-json\/wp\/v2\/users\/16"}],"replies":[{"embeddable":true,"href":"https:\/\/blogs.elcomercio.es\/reflexiones-de-belarmino\/wp-json\/wp\/v2\/comments?post=12643"}],"version-history":[{"count":3,"href":"https:\/\/blogs.elcomercio.es\/reflexiones-de-belarmino\/wp-json\/wp\/v2\/posts\/12643\/revisions"}],"predecessor-version":[{"id":12646,"href":"https:\/\/blogs.elcomercio.es\/reflexiones-de-belarmino\/wp-json\/wp\/v2\/posts\/12643\/revisions\/12646"}],"wp:attachment":[{"href":"https:\/\/blogs.elcomercio.es\/reflexiones-de-belarmino\/wp-json\/wp\/v2\/media?parent=12643"}],"wp:term":[{"taxonomy":"category","embeddable":true,"href":"https:\/\/blogs.elcomercio.es\/reflexiones-de-belarmino\/wp-json\/wp\/v2\/categories?post=12643"},{"taxonomy":"post_tag","embeddable":true,"href":"https:\/\/blogs.elcomercio.es\/reflexiones-de-belarmino\/wp-json\/wp\/v2\/tags?post=12643"}],"curies":[{"name":"wp","href":"https:\/\/api.w.org\/{rel}","templated":true}]}}