{"id":12697,"date":"2020-01-10T09:14:49","date_gmt":"2020-01-10T08:14:49","guid":{"rendered":"https:\/\/blogs.elcomercio.es\/reflexiones-de-belarmino\/?p=12697"},"modified":"2020-01-10T09:14:49","modified_gmt":"2020-01-10T08:14:49","slug":"un-gobierno-muy-poderoso-con-las-4-vicepresidencia-enefrentara-los-retos","status":"publish","type":"post","link":"https:\/\/blogs.elcomercio.es\/reflexiones-de-belarmino\/2020\/01\/10\/un-gobierno-muy-poderoso-con-las-4-vicepresidencia-enefrentara-los-retos\/","title":{"rendered":"\u00a1\u00a1UN GOBIERNO MUY PODEROSO, CON LAS 4 VICEPRESIDENCIA, ENEFRENTAR\u00c0 LOS RETOS !!"},"content":{"rendered":"<p><strong>Por supuesto las noticias principales de la mayor\u00eca de los diarios de papel,la mayor\u00eca en manos de la oligarqu\u00eca, y que no reflejan realidades objetivas , abriero hoy con &#8220;el malestar de Unidas Podemos por el nombramiento de la cuarta Vicepresidencia&#8221;.<\/strong><\/p>\n<p><strong>El tema ha sido menor y en cambio mayor la fortaleza de las 4 vicepresidencias, una de ellas ,la llamada cuarta, Teresa Ribera va a ser clave para Asturias,<\/strong><\/p>\n<p><strong> Que no va a ser facil la Legislatura, por supuesto. Que cuando se tiene en contra una ultraderecha la misma que llev\u00f2 a Trump al poder, con apoyo de una parte de la IGlesia y del Capital,\u00a0 y que llama &#8220;ilegitimo &#8221; a un gobierno perfectamente constitucional, tambi\u00e8n.<\/strong><\/p>\n<p><strong>Pero veamoslo con otra optica. La derecha corrupta que encabez\u00f2 Mariano Rajoy y que cay\u00f2 por la\u00a0 Moci\u00f2n de Censura, YA NO ESTA EN EL GOBIERNO y no tienen\u00a0 Vox, PP y C`S, la suma necesaria para hacer na Moci\u00f2n de Censura contra el Gobierno de Coalici\u00f2n presidido por el &#8220;incombustible&#8221; Pedro Sanchez.<\/strong><\/p>\n<p><strong>Un gobierno\u00a0 del m\u00e0s antiguo y poderoso partido en la historia de Espa\u00f1a, tiene ahora el apoyo de cuadros del nivel de Pablo Iglesias, Irene Montero y Castelss y los 3 millones m\u00e0s y que adem\u00e0s aunque\u00a0 tendr\u00e0n la dificultad de tener el apoyo de varios partidos m\u00e0s, tiene a sus favor que todos los que lo apoyaron o se abstuvieron en su investidura NUNCA APOYAR\u00c1N A LAS DERECHAS.<\/strong><\/p>\n<p><strong>El programa de esta Gobierno de Coalici\u00f2n, en cuanto eche a andar, es muy potente social y politicamente. Cuando las mayor\u00ecas, los trabajadores, los jubilados, las mujeres, los que no llegan a final de mes vean materializado el programa, va a ir en aumento la fuerza de este gobirno y va a dividir a la derecha.<\/strong><\/p>\n<p><strong>El Partido Popular no tendr\u00e0 m\u00e0s remedio que alejarse de Vox, por cuanto, se los dijo la propia Adriana Lastra, si no lo hacen, sus electores se ir\u00e0n hacia la extrema derecha.<\/strong><\/p>\n<p><strong>Por lo pronto la semana pr\u00f2xima echar a andar el nuevo gobierno al que tanto temen los sectores minoritarios de siempre.<\/strong><\/p>\n<p><strong>Revilla,\u00a1 menos amenazas!, cuando ha quedado claro que su \u00f9nico apoyo es tener tras de si a Ana Patricia Botin.<\/strong><\/p>\n<p><strong>Vara, Lamban y algun otro &#8220;baron socialista&#8221;: las puertas de Ciudadanos est\u00e0n abiertos.<\/strong><\/p>\n<p><strong>Empezamos&#8230;&#8230;.<\/strong><\/p>\n<p>&nbsp;<\/p>\n<!-- AddThis Advanced Settings generic via filter on the_content --><!-- AddThis Share Buttons generic via filter on the_content -->","protected":false},"excerpt":{"rendered":"<p>Por supuesto las noticias principales de la mayor\u00eca de los diarios de papel,la mayor\u00eca en manos de la oligarqu\u00eca, y que no reflejan realidades objetivas , abriero hoy con &#8220;el malestar de Unidas Podemos por el nombramiento de la cuarta Vicepresidencia&#8221;. El tema ha sido menor y en cambio mayor la fortaleza de las 4 [&hellip;]<!-- AddThis Advanced Settings generic via filter on get_the_excerpt --><!-- AddThis Share Buttons generic via filter on get_the_excerpt --><\/p>\n","protected":false},"author":16,"featured_media":0,"comment_status":"open","ping_status":"closed","sticky":false,"template":"","format":"standard","meta":[],"categories":[1],"tags":[],"_links":{"self":[{"href":"https:\/\/blogs.elcomercio.es\/reflexiones-de-belarmino\/wp-json\/wp\/v2\/posts\/12697"}],"collection":[{"href":"https:\/\/blogs.elcomercio.es\/reflexiones-de-belarmino\/wp-json\/wp\/v2\/posts"}],"about":[{"href":"https:\/\/blogs.elcomercio.es\/reflexiones-de-belarmino\/wp-json\/wp\/v2\/types\/post"}],"author":[{"embeddable":true,"href":"https:\/\/blogs.elcomercio.es\/reflexiones-de-belarmino\/wp-json\/wp\/v2\/users\/16"}],"replies":[{"embeddable":true,"href":"https:\/\/blogs.elcomercio.es\/reflexiones-de-belarmino\/wp-json\/wp\/v2\/comments?post=12697"}],"version-history":[{"count":3,"href":"https:\/\/blogs.elcomercio.es\/reflexiones-de-belarmino\/wp-json\/wp\/v2\/posts\/12697\/revisions"}],"predecessor-version":[{"id":12700,"href":"https:\/\/blogs.elcomercio.es\/reflexiones-de-belarmino\/wp-json\/wp\/v2\/posts\/12697\/revisions\/12700"}],"wp:attachment":[{"href":"https:\/\/blogs.elcomercio.es\/reflexiones-de-belarmino\/wp-json\/wp\/v2\/media?parent=12697"}],"wp:term":[{"taxonomy":"category","embeddable":true,"href":"https:\/\/blogs.elcomercio.es\/reflexiones-de-belarmino\/wp-json\/wp\/v2\/categories?post=12697"},{"taxonomy":"post_tag","embeddable":true,"href":"https:\/\/blogs.elcomercio.es\/reflexiones-de-belarmino\/wp-json\/wp\/v2\/tags?post=12697"}],"curies":[{"name":"wp","href":"https:\/\/api.w.org\/{rel}","templated":true}]}}