{"id":12718,"date":"2020-01-11T08:52:02","date_gmt":"2020-01-11T07:52:02","guid":{"rendered":"https:\/\/blogs.elcomercio.es\/reflexiones-de-belarmino\/?p=12718"},"modified":"2020-01-11T08:52:02","modified_gmt":"2020-01-11T07:52:02","slug":"junqueras-deja-de-ser-eurodiputado-para-el-europarlamento-o","status":"publish","type":"post","link":"https:\/\/blogs.elcomercio.es\/reflexiones-de-belarmino\/2020\/01\/11\/junqueras-deja-de-ser-eurodiputado-para-el-europarlamento-o\/","title":{"rendered":"\u00a1\u00a1 JUNQUERAS DEJA DE SER EURODIPUTADO PARA EL EUROPARLAMENTO !!  O"},"content":{"rendered":"<p><strong>Golpe ayer a Oriol Junqueras. El Europarlamento da marchas atr\u00e0s y considera que la justicia espa\u00f1ola ten\u00eca razon y por ello le retira el nombramiento de eurodiputado.<\/strong><\/p>\n<p><strong>Mientras Junqueras cargaba con dos a\u00f1os de c\u00e0rcel, Carles Puigdemont y Tony Com\u00ecn, huidos, son eurodiputados de pleno derecho.<\/strong><\/p>\n<p><strong>Recibir\u00e0n\u00a0 cada uno 70,000 euros por dietas desde el principio de la Legislatura.<\/strong><\/p>\n<p><strong>Se ahonda la divisi\u00f2n entre la derecha catalana que encabeza Puigdemont y Torra, y Ezquerra Republicana de Catalu\u00f1a, que busca un via no unilateral.<\/strong><\/p>\n<p><strong>La mesa de di\u00e0logo, propone ERC. no ser\u00e0 de Sanchez con Torra, sino con Pere Aragones, vicepresidente y miembro de ERC.<\/strong><\/p>\n<p><strong>Catalu\u00f1a, en este gobierno de Coalici\u00f2n, no sera nunca independiente<\/strong><\/p>\n<p>&nbsp;<\/p>\n<!-- AddThis Advanced Settings generic via filter on the_content --><!-- AddThis Share Buttons generic via filter on the_content -->","protected":false},"excerpt":{"rendered":"<p>Golpe ayer a Oriol Junqueras. El Europarlamento da marchas atr\u00e0s y considera que la justicia espa\u00f1ola ten\u00eca razon y por ello le retira el nombramiento de eurodiputado. Mientras Junqueras cargaba con dos a\u00f1os de c\u00e0rcel, Carles Puigdemont y Tony Com\u00ecn, huidos, son eurodiputados de pleno derecho. Recibir\u00e0n\u00a0 cada uno 70,000 euros por dietas desde el [&hellip;]<!-- AddThis Advanced Settings generic via filter on get_the_excerpt --><!-- AddThis Share Buttons generic via filter on get_the_excerpt --><\/p>\n","protected":false},"author":16,"featured_media":0,"comment_status":"open","ping_status":"closed","sticky":false,"template":"","format":"standard","meta":[],"categories":[1],"tags":[],"_links":{"self":[{"href":"https:\/\/blogs.elcomercio.es\/reflexiones-de-belarmino\/wp-json\/wp\/v2\/posts\/12718"}],"collection":[{"href":"https:\/\/blogs.elcomercio.es\/reflexiones-de-belarmino\/wp-json\/wp\/v2\/posts"}],"about":[{"href":"https:\/\/blogs.elcomercio.es\/reflexiones-de-belarmino\/wp-json\/wp\/v2\/types\/post"}],"author":[{"embeddable":true,"href":"https:\/\/blogs.elcomercio.es\/reflexiones-de-belarmino\/wp-json\/wp\/v2\/users\/16"}],"replies":[{"embeddable":true,"href":"https:\/\/blogs.elcomercio.es\/reflexiones-de-belarmino\/wp-json\/wp\/v2\/comments?post=12718"}],"version-history":[{"count":2,"href":"https:\/\/blogs.elcomercio.es\/reflexiones-de-belarmino\/wp-json\/wp\/v2\/posts\/12718\/revisions"}],"predecessor-version":[{"id":12720,"href":"https:\/\/blogs.elcomercio.es\/reflexiones-de-belarmino\/wp-json\/wp\/v2\/posts\/12718\/revisions\/12720"}],"wp:attachment":[{"href":"https:\/\/blogs.elcomercio.es\/reflexiones-de-belarmino\/wp-json\/wp\/v2\/media?parent=12718"}],"wp:term":[{"taxonomy":"category","embeddable":true,"href":"https:\/\/blogs.elcomercio.es\/reflexiones-de-belarmino\/wp-json\/wp\/v2\/categories?post=12718"},{"taxonomy":"post_tag","embeddable":true,"href":"https:\/\/blogs.elcomercio.es\/reflexiones-de-belarmino\/wp-json\/wp\/v2\/tags?post=12718"}],"curies":[{"name":"wp","href":"https:\/\/api.w.org\/{rel}","templated":true}]}}