{"id":12740,"date":"2020-01-12T16:02:24","date_gmt":"2020-01-12T15:02:24","guid":{"rendered":"https:\/\/blogs.elcomercio.es\/reflexiones-de-belarmino\/?p=12740"},"modified":"2020-01-12T16:02:24","modified_gmt":"2020-01-12T15:02:24","slug":"un-millon-de-muertos-y-miles-de-millones-de-dolares-si-se-desata-la-guerra-entre-ee-uu-e-iran","status":"publish","type":"post","link":"https:\/\/blogs.elcomercio.es\/reflexiones-de-belarmino\/2020\/01\/12\/un-millon-de-muertos-y-miles-de-millones-de-dolares-si-se-desata-la-guerra-entre-ee-uu-e-iran\/","title":{"rendered":"\u00a1\u00a1UN MILLON DE MUERTOS Y MILES DE MILLONES DE DOLARES SI SE DESATA LA GUERRA ENTRE EE.UU E IR\u00c0N!!"},"content":{"rendered":"<p><strong>Los Estados Unidos lo tienen muy bien planeado, la duda es la fecha, por elecciones de noviembre de los Estados Unidos.<\/strong><\/p>\n<p><strong>Este proyecto incluir\u00eca la invasi\u00f2n de Ir\u00e0n, donde a su alrededor hay ya 65,000 efectivos y un fuerte poderio naval y aereo y que en pocos mesess llegar\u00e0n a 100,000.<\/strong><\/p>\n<p><strong>Es el m\u00e0ximo sue\u00f1o de Netanyahu, aprovechando que tiene a Trump, para acabar de una vez, y por todas, el riesgo nuclear de Ir\u00e0n, \u00f9nico que tendr\u00eca la capacidad entre la Naci\u00f2n Arabe para poder atacar a\u00a0 Israel.<\/strong><\/p>\n<p><strong>Ir\u00e0n tendr\u00eca a tiro de sus misiles a Arabia Saudita, a los Emiratos Arabes Unidos, a Kuwait y a Qatar, y tendr\u00eca la posibilidad de cerrar el Estrecho de Ormuz en el Golfo Persico. Adem\u00e0s ha proporcionado a Hezbola 120,000 misiles de corto alcance que tendr\u00eca un asedio de 3 meses desde los Altos del Gol\u00e0n y Gaza.<\/strong><\/p>\n<p><strong>Adem\u00e0s tendr\u00eca m\u00e0s de 600,000 hombres entre el ejercito regular y los Guardias Revolucionarios y apoyo en 8 paises de la regi\u00f3n..<\/strong><\/p>\n<p><strong>De Estados Unidos ni hablar nada. Lo tiene todo.<\/strong><\/p>\n<p><strong>Lo grave no es que se est\u00e8 planteando hacerlo sino&#8230;&#8230;la fecha.<\/strong><\/p>\n<p><strong>Un ataque r\u00e0pido, sin demasiadas bajas\u00a0 norteamericanas favorecer\u00eca a Donald Trump antes las elecciones. De prolongarse y empantanarse lo podr\u00ecan hacer perder las elcciones.<\/strong><\/p>\n<p><strong>Lo grave es que se este hablando de ello. De que se hablen del mill\u00f3n de muertos-<\/strong><\/p>\n<p><strong>\u00bfAlguien ha pensado en el precio del petroleo y el desequilibrio de las econom\u00ecas?<\/strong><\/p>\n<p><strong>No hay, de nuevo, mayor tensi\u00f2n en el mundo para 2020 que el posible enfrentamiento en Medio Oriente entre Ir\u00e0n e los EE:UU, la verdadera obsesi\u00f2n de Israel.<\/strong><\/p>\n<!-- AddThis Advanced Settings generic via filter on the_content --><!-- AddThis Share Buttons generic via filter on the_content -->","protected":false},"excerpt":{"rendered":"<p>Los Estados Unidos lo tienen muy bien planeado, la duda es la fecha, por elecciones de noviembre de los Estados Unidos. Este proyecto incluir\u00eca la invasi\u00f2n de Ir\u00e0n, donde a su alrededor hay ya 65,000 efectivos y un fuerte poderio naval y aereo y que en pocos mesess llegar\u00e0n a 100,000. Es el m\u00e0ximo sue\u00f1o [&hellip;]<!-- AddThis Advanced Settings generic via filter on get_the_excerpt --><!-- AddThis Share Buttons generic via filter on get_the_excerpt --><\/p>\n","protected":false},"author":16,"featured_media":0,"comment_status":"open","ping_status":"closed","sticky":false,"template":"","format":"standard","meta":[],"categories":[1],"tags":[],"_links":{"self":[{"href":"https:\/\/blogs.elcomercio.es\/reflexiones-de-belarmino\/wp-json\/wp\/v2\/posts\/12740"}],"collection":[{"href":"https:\/\/blogs.elcomercio.es\/reflexiones-de-belarmino\/wp-json\/wp\/v2\/posts"}],"about":[{"href":"https:\/\/blogs.elcomercio.es\/reflexiones-de-belarmino\/wp-json\/wp\/v2\/types\/post"}],"author":[{"embeddable":true,"href":"https:\/\/blogs.elcomercio.es\/reflexiones-de-belarmino\/wp-json\/wp\/v2\/users\/16"}],"replies":[{"embeddable":true,"href":"https:\/\/blogs.elcomercio.es\/reflexiones-de-belarmino\/wp-json\/wp\/v2\/comments?post=12740"}],"version-history":[{"count":2,"href":"https:\/\/blogs.elcomercio.es\/reflexiones-de-belarmino\/wp-json\/wp\/v2\/posts\/12740\/revisions"}],"predecessor-version":[{"id":12742,"href":"https:\/\/blogs.elcomercio.es\/reflexiones-de-belarmino\/wp-json\/wp\/v2\/posts\/12740\/revisions\/12742"}],"wp:attachment":[{"href":"https:\/\/blogs.elcomercio.es\/reflexiones-de-belarmino\/wp-json\/wp\/v2\/media?parent=12740"}],"wp:term":[{"taxonomy":"category","embeddable":true,"href":"https:\/\/blogs.elcomercio.es\/reflexiones-de-belarmino\/wp-json\/wp\/v2\/categories?post=12740"},{"taxonomy":"post_tag","embeddable":true,"href":"https:\/\/blogs.elcomercio.es\/reflexiones-de-belarmino\/wp-json\/wp\/v2\/tags?post=12740"}],"curies":[{"name":"wp","href":"https:\/\/api.w.org\/{rel}","templated":true}]}}