{"id":12750,"date":"2020-01-13T16:39:19","date_gmt":"2020-01-13T15:39:19","guid":{"rendered":"https:\/\/blogs.elcomercio.es\/reflexiones-de-belarmino\/?p=12750"},"modified":"2020-01-13T16:39:19","modified_gmt":"2020-01-13T15:39:19","slug":"manana-los-jubilados-que-tanto-han-luchado-subiran-0-9-y-por-primera-vez-desde-2015-estaran-encima-de-la-inflaccion","status":"publish","type":"post","link":"https:\/\/blogs.elcomercio.es\/reflexiones-de-belarmino\/2020\/01\/13\/manana-los-jubilados-que-tanto-han-luchado-subiran-0-9-y-por-primera-vez-desde-2015-estaran-encima-de-la-inflaccion\/","title":{"rendered":"\u00a1\u00a1MA\u00d1ANA, LOS JUBILADOS QUE TANTO HAN LUCHADO, SUBIR\u00c0N 0.9 % Y POR PRIMERA VEZ DESDE 2015 ESTAR\u00c0N ENCIMA DE LA INFLACCI\u00d3N !!"},"content":{"rendered":"<p><strong>39 lunes consecutivos saliendo a la calle,con sol, lluvia o nieve, la generacion que con su trabajo cre\u00f2 la actual Espa\u00f1a,pidiendo la equiparaci\u00f2n de su\u00a0 pensi\u00f2n a la subida del IPC, ejemplo para todos el pa\u00ecs, ma\u00f1ana, en el primer Consejo de Ministros, se cumplira con ellos.<\/strong><\/p>\n<p><strong>La subida del 0.9 %,una de sus demandas, ser\u00e0 quiz\u00e0s la primera medida social que surgir\u00e0 del Gobierno de Coalici\u00f2n.<\/strong><\/p>\n<!-- AddThis Advanced Settings generic via filter on the_content --><!-- AddThis Share Buttons generic via filter on the_content -->","protected":false},"excerpt":{"rendered":"<p>39 lunes consecutivos saliendo a la calle,con sol, lluvia o nieve, la generacion que con su trabajo cre\u00f2 la actual Espa\u00f1a,pidiendo la equiparaci\u00f2n de su\u00a0 pensi\u00f2n a la subida del IPC, ejemplo para todos el pa\u00ecs, ma\u00f1ana, en el primer Consejo de Ministros, se cumplira con ellos. La subida del 0.9 %,una de sus demandas, [&hellip;]<!-- AddThis Advanced Settings generic via filter on get_the_excerpt --><!-- AddThis Share Buttons generic via filter on get_the_excerpt --><\/p>\n","protected":false},"author":16,"featured_media":0,"comment_status":"open","ping_status":"closed","sticky":false,"template":"","format":"standard","meta":[],"categories":[1],"tags":[],"_links":{"self":[{"href":"https:\/\/blogs.elcomercio.es\/reflexiones-de-belarmino\/wp-json\/wp\/v2\/posts\/12750"}],"collection":[{"href":"https:\/\/blogs.elcomercio.es\/reflexiones-de-belarmino\/wp-json\/wp\/v2\/posts"}],"about":[{"href":"https:\/\/blogs.elcomercio.es\/reflexiones-de-belarmino\/wp-json\/wp\/v2\/types\/post"}],"author":[{"embeddable":true,"href":"https:\/\/blogs.elcomercio.es\/reflexiones-de-belarmino\/wp-json\/wp\/v2\/users\/16"}],"replies":[{"embeddable":true,"href":"https:\/\/blogs.elcomercio.es\/reflexiones-de-belarmino\/wp-json\/wp\/v2\/comments?post=12750"}],"version-history":[{"count":2,"href":"https:\/\/blogs.elcomercio.es\/reflexiones-de-belarmino\/wp-json\/wp\/v2\/posts\/12750\/revisions"}],"predecessor-version":[{"id":12752,"href":"https:\/\/blogs.elcomercio.es\/reflexiones-de-belarmino\/wp-json\/wp\/v2\/posts\/12750\/revisions\/12752"}],"wp:attachment":[{"href":"https:\/\/blogs.elcomercio.es\/reflexiones-de-belarmino\/wp-json\/wp\/v2\/media?parent=12750"}],"wp:term":[{"taxonomy":"category","embeddable":true,"href":"https:\/\/blogs.elcomercio.es\/reflexiones-de-belarmino\/wp-json\/wp\/v2\/categories?post=12750"},{"taxonomy":"post_tag","embeddable":true,"href":"https:\/\/blogs.elcomercio.es\/reflexiones-de-belarmino\/wp-json\/wp\/v2\/tags?post=12750"}],"curies":[{"name":"wp","href":"https:\/\/api.w.org\/{rel}","templated":true}]}}