{"id":12766,"date":"2020-01-14T19:14:21","date_gmt":"2020-01-14T18:14:21","guid":{"rendered":"https:\/\/blogs.elcomercio.es\/reflexiones-de-belarmino\/?p=12766"},"modified":"2020-01-14T19:14:21","modified_gmt":"2020-01-14T18:14:21","slug":"los-caminares-de-nuestro-llanisco-andorra-no-encuentra-origen-de-120-millones-de-dolares-a-su-nombre-en-23-sociedades-s","status":"publish","type":"post","link":"https:\/\/blogs.elcomercio.es\/reflexiones-de-belarmino\/2020\/01\/14\/los-caminares-de-nuestro-llanisco-andorra-no-encuentra-origen-de-120-millones-de-dolares-a-su-nombre-en-23-sociedades-s\/","title":{"rendered":"\u00a1\u00a1\u00a1LOS CAMINARES DE NUESTRO LLANISCO.- ANDORRA NO ENCUENTRA ORIGEN DE 120 MILLONES DE DOLARES A SU NOMBRE EN 23 SOCIEDADES !!S"},"content":{"rendered":"<p><strong>Por supuesto que lo de Juan Ram\u00f2n Collado, el abogado del poder donde fue a hacer las Americas, era muy conocido en M\u00e8xico. Luego, cuando lo decubren y a \u00e8l &#8220;el intocable&#8221; abogado del Presidente Pe\u00f1a Nieto, aquel domingo y lo trasladan hasta la carcel, hasta hoy, surge ya a nivel asturiano cuando Andorra congela 99 millones de d\u00f2lares, y se vuelve en universal cundo hoy, Andorra, en un documento de 142 folios, donde se encuentrasn las 23 empresas que manejaba, o le manejaba al Presidente Pe\u00f1a Nieto, dice que no se ha podido encontrar un justificantes de donde le llegaron esos 123 millones de d\u00f2lares.<\/strong><\/p>\n<p><strong>Esto, por el esc\u00e0ndalo, lo public\u00f2 El Pais, que por la\u00a0 aguna raz\u00f2n se traslad\u00f3 de urgencia, con todo su equipo al pa\u00ecs azteca.<\/strong><\/p>\n<p><strong>Pe\u00f1a Nieto, Genaro Garcia Luna, el Jefe de Jefes del narcotrafico, Alfonso Calder\u00f2n y Vicente Fox, hoy est\u00e0n que no los calienta ni el sol,por todo lo que puede salir tanto en el juicio en EE:UU con Garcia Luna, como los que est\u00e0n enredados con el &#8220;Abogado del Poder&#8221;, Llanisco de origen, ejemplo de triunfo para su familia y vecinos.<\/strong><\/p>\n<!-- AddThis Advanced Settings generic via filter on the_content --><!-- AddThis Share Buttons generic via filter on the_content -->","protected":false},"excerpt":{"rendered":"<p>Por supuesto que lo de Juan Ram\u00f2n Collado, el abogado del poder donde fue a hacer las Americas, era muy conocido en M\u00e8xico. Luego, cuando lo decubren y a \u00e8l &#8220;el intocable&#8221; abogado del Presidente Pe\u00f1a Nieto, aquel domingo y lo trasladan hasta la carcel, hasta hoy, surge ya a nivel asturiano cuando Andorra congela [&hellip;]<!-- AddThis Advanced Settings generic via filter on get_the_excerpt --><!-- AddThis Share Buttons generic via filter on get_the_excerpt --><\/p>\n","protected":false},"author":16,"featured_media":0,"comment_status":"open","ping_status":"closed","sticky":false,"template":"","format":"standard","meta":[],"categories":[1],"tags":[],"_links":{"self":[{"href":"https:\/\/blogs.elcomercio.es\/reflexiones-de-belarmino\/wp-json\/wp\/v2\/posts\/12766"}],"collection":[{"href":"https:\/\/blogs.elcomercio.es\/reflexiones-de-belarmino\/wp-json\/wp\/v2\/posts"}],"about":[{"href":"https:\/\/blogs.elcomercio.es\/reflexiones-de-belarmino\/wp-json\/wp\/v2\/types\/post"}],"author":[{"embeddable":true,"href":"https:\/\/blogs.elcomercio.es\/reflexiones-de-belarmino\/wp-json\/wp\/v2\/users\/16"}],"replies":[{"embeddable":true,"href":"https:\/\/blogs.elcomercio.es\/reflexiones-de-belarmino\/wp-json\/wp\/v2\/comments?post=12766"}],"version-history":[{"count":2,"href":"https:\/\/blogs.elcomercio.es\/reflexiones-de-belarmino\/wp-json\/wp\/v2\/posts\/12766\/revisions"}],"predecessor-version":[{"id":12768,"href":"https:\/\/blogs.elcomercio.es\/reflexiones-de-belarmino\/wp-json\/wp\/v2\/posts\/12766\/revisions\/12768"}],"wp:attachment":[{"href":"https:\/\/blogs.elcomercio.es\/reflexiones-de-belarmino\/wp-json\/wp\/v2\/media?parent=12766"}],"wp:term":[{"taxonomy":"category","embeddable":true,"href":"https:\/\/blogs.elcomercio.es\/reflexiones-de-belarmino\/wp-json\/wp\/v2\/categories?post=12766"},{"taxonomy":"post_tag","embeddable":true,"href":"https:\/\/blogs.elcomercio.es\/reflexiones-de-belarmino\/wp-json\/wp\/v2\/tags?post=12766"}],"curies":[{"name":"wp","href":"https:\/\/api.w.org\/{rel}","templated":true}]}}