{"id":12787,"date":"2020-01-16T11:42:15","date_gmt":"2020-01-16T10:42:15","guid":{"rendered":"https:\/\/blogs.elcomercio.es\/reflexiones-de-belarmino\/?p=12787"},"modified":"2020-01-16T11:42:15","modified_gmt":"2020-01-16T10:42:15","slug":"de-los-7500-millones-de-la-transicion-energetica-deja-a-espana-c0n-307-millones","status":"publish","type":"post","link":"https:\/\/blogs.elcomercio.es\/reflexiones-de-belarmino\/2020\/01\/16\/de-los-7500-millones-de-la-transicion-energetica-deja-a-espana-c0n-307-millones\/","title":{"rendered":"\u00a1\u00a1DE LOS 7,500 MILLONES DE LA TRANSICI\u00d2N ENERG\u00c9TICA DEJA A ESPA\u00d1A C0N&#8230;307 MILLONES !!"},"content":{"rendered":"<p><strong>El gozo se fue a un pozo. De los 7,500 millones de euros que la Uni\u00f2n Europea destinar\u00e1 a la transici\u00f2n energ\u00e8tica en el continente que se destinar\u00e0 a 40 paises, a Espa\u00f1a le corresponder\u00ecan entre 2020 y 2027 el 4 %, es decir 307.4 millones.<\/strong><\/p>\n<p><strong>Para Polonia cuyo empleo dentro del tejido\u00a0 industrial es de el 27. 3 % se destinan 2,000 millones de euros, y para Paises Bajos que es del 4 % van 220 millones, Espa\u00f1a cuyo tejido industrial afectdo es del 3.9, le tocan 307 millones.<\/strong><\/p>\n<p><strong>Toda Europa dejan grandes espacios por la transici\u00f2n energertica, y viendolo en detalle es totalmente insuficiente.Alemania con el 18 % perjudicado se le asignan s\u00f2lo 876 millones.<\/strong><\/p>\n<p><strong>En\u00a0 Espa\u00f1a, para Asturias Castilla Le\u00f2n y Arag\u00f2n, tendr\u00e0n que dividirse esas tre sregiones los 307.4 millones.<\/strong><\/p>\n<!-- AddThis Advanced Settings generic via filter on the_content --><!-- AddThis Share Buttons generic via filter on the_content -->","protected":false},"excerpt":{"rendered":"<p>El gozo se fue a un pozo. De los 7,500 millones de euros que la Uni\u00f2n Europea destinar\u00e1 a la transici\u00f2n energ\u00e8tica en el continente que se destinar\u00e0 a 40 paises, a Espa\u00f1a le corresponder\u00ecan entre 2020 y 2027 el 4 %, es decir 307.4 millones. Para Polonia cuyo empleo dentro del tejido\u00a0 industrial es [&hellip;]<!-- AddThis Advanced Settings generic via filter on get_the_excerpt --><!-- AddThis Share Buttons generic via filter on get_the_excerpt --><\/p>\n","protected":false},"author":16,"featured_media":0,"comment_status":"open","ping_status":"closed","sticky":false,"template":"","format":"standard","meta":[],"categories":[1],"tags":[],"_links":{"self":[{"href":"https:\/\/blogs.elcomercio.es\/reflexiones-de-belarmino\/wp-json\/wp\/v2\/posts\/12787"}],"collection":[{"href":"https:\/\/blogs.elcomercio.es\/reflexiones-de-belarmino\/wp-json\/wp\/v2\/posts"}],"about":[{"href":"https:\/\/blogs.elcomercio.es\/reflexiones-de-belarmino\/wp-json\/wp\/v2\/types\/post"}],"author":[{"embeddable":true,"href":"https:\/\/blogs.elcomercio.es\/reflexiones-de-belarmino\/wp-json\/wp\/v2\/users\/16"}],"replies":[{"embeddable":true,"href":"https:\/\/blogs.elcomercio.es\/reflexiones-de-belarmino\/wp-json\/wp\/v2\/comments?post=12787"}],"version-history":[{"count":2,"href":"https:\/\/blogs.elcomercio.es\/reflexiones-de-belarmino\/wp-json\/wp\/v2\/posts\/12787\/revisions"}],"predecessor-version":[{"id":12789,"href":"https:\/\/blogs.elcomercio.es\/reflexiones-de-belarmino\/wp-json\/wp\/v2\/posts\/12787\/revisions\/12789"}],"wp:attachment":[{"href":"https:\/\/blogs.elcomercio.es\/reflexiones-de-belarmino\/wp-json\/wp\/v2\/media?parent=12787"}],"wp:term":[{"taxonomy":"category","embeddable":true,"href":"https:\/\/blogs.elcomercio.es\/reflexiones-de-belarmino\/wp-json\/wp\/v2\/categories?post=12787"},{"taxonomy":"post_tag","embeddable":true,"href":"https:\/\/blogs.elcomercio.es\/reflexiones-de-belarmino\/wp-json\/wp\/v2\/tags?post=12787"}],"curies":[{"name":"wp","href":"https:\/\/api.w.org\/{rel}","templated":true}]}}