{"id":12797,"date":"2020-01-16T18:32:46","date_gmt":"2020-01-16T17:32:46","guid":{"rendered":"https:\/\/blogs.elcomercio.es\/reflexiones-de-belarmino\/?p=12797"},"modified":"2020-01-16T18:32:46","modified_gmt":"2020-01-16T17:32:46","slug":"maria-gamez-primera-directora-de-la-guardia-civil-si-lo-aprueba-defensa","status":"publish","type":"post","link":"https:\/\/blogs.elcomercio.es\/reflexiones-de-belarmino\/2020\/01\/16\/maria-gamez-primera-directora-de-la-guardia-civil-si-lo-aprueba-defensa\/","title":{"rendered":"\u00a1\u00a1MAR\u00cdA G\u00c1MEZ, PRIMERA DIRECTORA DE LA GUARDIA CIVIL, SI LO APRUEBA DEFENSA!!"},"content":{"rendered":"<p><strong>El Ministro del Interior ha nombrado para Directora General de la Guard\u00eda Civil, a Mar\u00eda G\u00e1mez.<br \/>\n<\/strong><\/p>\n<p><strong>Debe ser ratificada por el Ministerio de Defensa. En caso de aprobarse ser\u00e0 la primera mujer en dirigir la Guardia Civil en toda la historia de Espa\u00f1a<\/strong><\/p>\n<!-- AddThis Advanced Settings generic via filter on the_content --><!-- AddThis Share Buttons generic via filter on the_content -->","protected":false},"excerpt":{"rendered":"<p>El Ministro del Interior ha nombrado para Directora General de la Guard\u00eda Civil, a Mar\u00eda G\u00e1mez. Debe ser ratificada por el Ministerio de Defensa. En caso de aprobarse ser\u00e0 la primera mujer en dirigir la Guardia Civil en toda la historia de Espa\u00f1a<!-- AddThis Advanced Settings generic via filter on get_the_excerpt --><!-- AddThis Share Buttons generic via filter on get_the_excerpt --><\/p>\n","protected":false},"author":16,"featured_media":0,"comment_status":"open","ping_status":"closed","sticky":false,"template":"","format":"standard","meta":[],"categories":[1],"tags":[],"_links":{"self":[{"href":"https:\/\/blogs.elcomercio.es\/reflexiones-de-belarmino\/wp-json\/wp\/v2\/posts\/12797"}],"collection":[{"href":"https:\/\/blogs.elcomercio.es\/reflexiones-de-belarmino\/wp-json\/wp\/v2\/posts"}],"about":[{"href":"https:\/\/blogs.elcomercio.es\/reflexiones-de-belarmino\/wp-json\/wp\/v2\/types\/post"}],"author":[{"embeddable":true,"href":"https:\/\/blogs.elcomercio.es\/reflexiones-de-belarmino\/wp-json\/wp\/v2\/users\/16"}],"replies":[{"embeddable":true,"href":"https:\/\/blogs.elcomercio.es\/reflexiones-de-belarmino\/wp-json\/wp\/v2\/comments?post=12797"}],"version-history":[{"count":2,"href":"https:\/\/blogs.elcomercio.es\/reflexiones-de-belarmino\/wp-json\/wp\/v2\/posts\/12797\/revisions"}],"predecessor-version":[{"id":12799,"href":"https:\/\/blogs.elcomercio.es\/reflexiones-de-belarmino\/wp-json\/wp\/v2\/posts\/12797\/revisions\/12799"}],"wp:attachment":[{"href":"https:\/\/blogs.elcomercio.es\/reflexiones-de-belarmino\/wp-json\/wp\/v2\/media?parent=12797"}],"wp:term":[{"taxonomy":"category","embeddable":true,"href":"https:\/\/blogs.elcomercio.es\/reflexiones-de-belarmino\/wp-json\/wp\/v2\/categories?post=12797"},{"taxonomy":"post_tag","embeddable":true,"href":"https:\/\/blogs.elcomercio.es\/reflexiones-de-belarmino\/wp-json\/wp\/v2\/tags?post=12797"}],"curies":[{"name":"wp","href":"https:\/\/api.w.org\/{rel}","templated":true}]}}