{"id":12830,"date":"2020-01-18T15:35:24","date_gmt":"2020-01-18T14:35:24","guid":{"rendered":"https:\/\/blogs.elcomercio.es\/reflexiones-de-belarmino\/?p=12830"},"modified":"2020-01-18T15:35:24","modified_gmt":"2020-01-18T14:35:24","slug":"que-pasa-en-el-ejercito-y-en-la-monarquia","status":"publish","type":"post","link":"https:\/\/blogs.elcomercio.es\/reflexiones-de-belarmino\/2020\/01\/18\/que-pasa-en-el-ejercito-y-en-la-monarquia\/","title":{"rendered":"\u00a1\u00a1\u00a1\u00a1\u00a1\u00a1\u00a1 \u00bfQU\u00c9 PASA EN EL EJERCITO Y EN LA MONARQU\u00cdA ? !!!!!!"},"content":{"rendered":"<p><strong>El d\u00eca que la\u00a0torpe representante de Bildu atac\u00f2 al Jefe del Estado en los discursos<\/strong><strong>de la Toma de Investidura, no sabia lo que iba a desencadenar.<\/strong><\/p>\n<p>&nbsp;<\/p>\n<p><strong>Ayer, por primera vez, el Rey no asisti\u00f2\u00a0 al acto del Gobierno para presidir la sustituci\u00f2n de los m\u00e0s altos dirigentes Militares,entre ellos al cambio del Jefe del Estado Mayor de la Defensa y en cambio ,en la tarde recibi\u00f2 en Zarzuela a 5 generales y almirantes y a 19 coroneles y capitanes que acababan de tomar el mando de sus unidades.<\/strong><\/p>\n<p><strong>En la ma\u00f1ana ante la Ministra de Defensa Margarita Robl\u00e8s, el General del Air\u00e8 Miguel Angel Villaroyo Villalba era substituido por el General Fernando Alexandre como nuevo Jefe del Estado Mayor del Ejercito.El substituido recibi\u00f2 la noticia estando en Bruselas el jueves en la reuni\u00f2n de la Cupula Militar de la OTAN.<\/strong><\/p>\n<p><strong>En el brindis, el primero en salir con mala cara fue el general Villaroyo Vilalba, quien no di\u00f2 ning\u00fan mensaje y s\u00f2lo MAND\u00d3 A TODO EL EJERCITO ESPA\u00d1OL UN TUIT: &#8220;OS EXHORTO A SEGUIR DEFENDIENDO AL REY Y A NUESTRA PATRIA &#8220;(sic).<\/strong><\/p>\n<p><strong>Algo habia salido mal. No estaba el Rey, el cambio no le gust\u00f2 en absoluto al general saliente y \u00e8ste, sin discurso habitual, manda un tuit de despedida pidiendo&#8221; defender al Rey y la Patria&#8221;<\/strong><strong> \u00b7<\/strong><\/p>\n<p><strong>Pero el Comandante en Jefe de los Ejercitos en Espa\u00f1a, el Rey Felipe VI, recibi\u00f3 a 6 Generales y Capitanes y a 15 Coroneles, que hab\u00ecan tomado el mando.<\/strong><\/p>\n<p><strong>En la ma\u00f1ana de ayer, la reina Leticia acudi\u00f2 a un acto oficial sobre Igualdad pero no estaba presente la Ministra Irene Montero, por problemas de agenda y tuvo que estar otro ministro.<\/strong><\/p>\n<p><strong>Damos la informaci\u00f2n por darle seguimiento a las noticias. El an\u00e0lisis lo dejo a la lectora o al lector<\/strong><\/p>\n<p>&nbsp;<\/p>\n<!-- AddThis Advanced Settings generic via filter on the_content --><!-- AddThis Share Buttons generic via filter on the_content -->","protected":false},"excerpt":{"rendered":"<p>El d\u00eca que la\u00a0torpe representante de Bildu atac\u00f2 al Jefe del Estado en los discursosde la Toma de Investidura, no sabia lo que iba a desencadenar. &nbsp; Ayer, por primera vez, el Rey no asisti\u00f2\u00a0 al acto del Gobierno para presidir la sustituci\u00f2n de los m\u00e0s altos dirigentes Militares,entre ellos al cambio del Jefe del [&hellip;]<!-- AddThis Advanced Settings generic via filter on get_the_excerpt --><!-- AddThis Share Buttons generic via filter on get_the_excerpt --><\/p>\n","protected":false},"author":16,"featured_media":0,"comment_status":"open","ping_status":"closed","sticky":false,"template":"","format":"standard","meta":[],"categories":[1],"tags":[],"_links":{"self":[{"href":"https:\/\/blogs.elcomercio.es\/reflexiones-de-belarmino\/wp-json\/wp\/v2\/posts\/12830"}],"collection":[{"href":"https:\/\/blogs.elcomercio.es\/reflexiones-de-belarmino\/wp-json\/wp\/v2\/posts"}],"about":[{"href":"https:\/\/blogs.elcomercio.es\/reflexiones-de-belarmino\/wp-json\/wp\/v2\/types\/post"}],"author":[{"embeddable":true,"href":"https:\/\/blogs.elcomercio.es\/reflexiones-de-belarmino\/wp-json\/wp\/v2\/users\/16"}],"replies":[{"embeddable":true,"href":"https:\/\/blogs.elcomercio.es\/reflexiones-de-belarmino\/wp-json\/wp\/v2\/comments?post=12830"}],"version-history":[{"count":1,"href":"https:\/\/blogs.elcomercio.es\/reflexiones-de-belarmino\/wp-json\/wp\/v2\/posts\/12830\/revisions"}],"predecessor-version":[{"id":12831,"href":"https:\/\/blogs.elcomercio.es\/reflexiones-de-belarmino\/wp-json\/wp\/v2\/posts\/12830\/revisions\/12831"}],"wp:attachment":[{"href":"https:\/\/blogs.elcomercio.es\/reflexiones-de-belarmino\/wp-json\/wp\/v2\/media?parent=12830"}],"wp:term":[{"taxonomy":"category","embeddable":true,"href":"https:\/\/blogs.elcomercio.es\/reflexiones-de-belarmino\/wp-json\/wp\/v2\/categories?post=12830"},{"taxonomy":"post_tag","embeddable":true,"href":"https:\/\/blogs.elcomercio.es\/reflexiones-de-belarmino\/wp-json\/wp\/v2\/tags?post=12830"}],"curies":[{"name":"wp","href":"https:\/\/api.w.org\/{rel}","templated":true}]}}