{"id":12875,"date":"2020-01-21T11:27:31","date_gmt":"2020-01-21T10:27:31","guid":{"rendered":"https:\/\/blogs.elcomercio.es\/reflexiones-de-belarmino\/?p=12875"},"modified":"2020-01-21T11:27:31","modified_gmt":"2020-01-21T10:27:31","slug":"por-primera-vez-el-cambio-climatico-llega-a-davos","status":"publish","type":"post","link":"https:\/\/blogs.elcomercio.es\/reflexiones-de-belarmino\/2020\/01\/21\/por-primera-vez-el-cambio-climatico-llega-a-davos\/","title":{"rendered":"\u00a1\u00a1 POR PRIMERA VEZ EL CAMBIO CLIMATICO LLEGA A DAVOS!!   !!"},"content":{"rendered":"<p><strong>En este momento ya ha hablado Greta Thumberg , llegada en ferrocarril, en la Cumbre de Dav\u00f2s. Trump, con el Air Force One, helicopteros blindados y una caravana de 12 autos blindado ha llegado, con cara de malos amigos, no se sabe si preocupado por el Impachment que se inicia hoy en Washington.<\/strong><\/p>\n<p><strong>Entre los asistentes hay 50 Jefes de Estado o de Gobierno y 125 de los milmillonarios, mas grandes empresarios e intelectuales y ONG.<\/strong><\/p>\n<p><strong>\u00bf Crecer\u00e0 la desecelaracion mundial como opinan el 75 % de los empresarios m\u00e0s que lo que marca el FMI, aunque sin hablar de recesi\u00f2n?.<\/strong><\/p>\n<p><strong>\u00bfEste capitalismo ha llegado ya a su tope y no es sostenible ?.<\/strong><\/p>\n<p><strong>Pero llama la atenci\u00f2n que , por primera vez, el Encuentro Mundial de Davos en Suiza, incluya en su temario el Cambio Clim\u00e0tico.<\/strong><\/p>\n<p><strong>Daremos seguimiento.<\/strong><\/p>\n<p>&nbsp;<\/p>\n<!-- AddThis Advanced Settings generic via filter on the_content --><!-- AddThis Share Buttons generic via filter on the_content -->","protected":false},"excerpt":{"rendered":"<p>En este momento ya ha hablado Greta Thumberg , llegada en ferrocarril, en la Cumbre de Dav\u00f2s. Trump, con el Air Force One, helicopteros blindados y una caravana de 12 autos blindado ha llegado, con cara de malos amigos, no se sabe si preocupado por el Impachment que se inicia hoy en Washington. Entre los [&hellip;]<!-- AddThis Advanced Settings generic via filter on get_the_excerpt --><!-- AddThis Share Buttons generic via filter on get_the_excerpt --><\/p>\n","protected":false},"author":16,"featured_media":0,"comment_status":"open","ping_status":"closed","sticky":false,"template":"","format":"standard","meta":[],"categories":[1],"tags":[],"_links":{"self":[{"href":"https:\/\/blogs.elcomercio.es\/reflexiones-de-belarmino\/wp-json\/wp\/v2\/posts\/12875"}],"collection":[{"href":"https:\/\/blogs.elcomercio.es\/reflexiones-de-belarmino\/wp-json\/wp\/v2\/posts"}],"about":[{"href":"https:\/\/blogs.elcomercio.es\/reflexiones-de-belarmino\/wp-json\/wp\/v2\/types\/post"}],"author":[{"embeddable":true,"href":"https:\/\/blogs.elcomercio.es\/reflexiones-de-belarmino\/wp-json\/wp\/v2\/users\/16"}],"replies":[{"embeddable":true,"href":"https:\/\/blogs.elcomercio.es\/reflexiones-de-belarmino\/wp-json\/wp\/v2\/comments?post=12875"}],"version-history":[{"count":3,"href":"https:\/\/blogs.elcomercio.es\/reflexiones-de-belarmino\/wp-json\/wp\/v2\/posts\/12875\/revisions"}],"predecessor-version":[{"id":12878,"href":"https:\/\/blogs.elcomercio.es\/reflexiones-de-belarmino\/wp-json\/wp\/v2\/posts\/12875\/revisions\/12878"}],"wp:attachment":[{"href":"https:\/\/blogs.elcomercio.es\/reflexiones-de-belarmino\/wp-json\/wp\/v2\/media?parent=12875"}],"wp:term":[{"taxonomy":"category","embeddable":true,"href":"https:\/\/blogs.elcomercio.es\/reflexiones-de-belarmino\/wp-json\/wp\/v2\/categories?post=12875"},{"taxonomy":"post_tag","embeddable":true,"href":"https:\/\/blogs.elcomercio.es\/reflexiones-de-belarmino\/wp-json\/wp\/v2\/tags?post=12875"}],"curies":[{"name":"wp","href":"https:\/\/api.w.org\/{rel}","templated":true}]}}