{"id":12886,"date":"2020-01-21T18:27:03","date_gmt":"2020-01-21T17:27:03","guid":{"rendered":"https:\/\/blogs.elcomercio.es\/reflexiones-de-belarmino\/?p=12886"},"modified":"2020-01-21T18:27:03","modified_gmt":"2020-01-21T17:27:03","slug":"de-donde-viene-el-mal-perder-de-la-derecha-espanola","status":"publish","type":"post","link":"https:\/\/blogs.elcomercio.es\/reflexiones-de-belarmino\/2020\/01\/21\/de-donde-viene-el-mal-perder-de-la-derecha-espanola\/","title":{"rendered":"\u00a1\u00a1\u00bf DE DONDE VIENE EL MAL PERDER DE LA DERECHA ESPA\u00d1OLA?"},"content":{"rendered":"<p><strong>Hay que tratar de ser objetivos, lo m\u00e0s que se pueda. Una pregunta sobre una afirmaci\u00f2n de anoche del Presidente Pedro S\u00e0nchez, nos ha hecho pensar.<\/strong><\/p>\n<p><strong>Si uno agarra los trescientos \u00f9ltimos a\u00f1os de la historia de nuestro pa\u00ecs, es facil observar la hegemonia de la Monarqu\u00eca Borb\u00f2nica, de la Iglesia Cat\u00f2lica, de los latifunditas llamados &#8221; Grandes de Espa\u00f1a&#8221; y de un\u00a0 ejercito\u00a0 de clase que no ha ganado en m\u00e0s de cuatrocientos a\u00f1os una sola guerra, y la \u00f9nica que ha ganado ha sido la que realiz\u00f2 contra su propio pueblo en los a\u00f1os 30.<\/strong><\/p>\n<p><strong>En el curso de los \u00f9ltimos 200 a\u00f1os, cada vez que ha habido un intento de la mayor\u00eca social y liberal de Espa\u00f1a,ha sido duramente enfrentada, hasta la derrota.La \u00f9ltima vez tardaron 5 a\u00f1os en poder derrotados a aquellos enemigos de &#8220;Espa\u00f1a&#8221; y ello con el apoyo de Hiter y Moussolini.<\/strong><\/p>\n<p><strong>De nuevo en la etapa de la democracia, cada vez que pierden, se enfurecen gritan, algo superior a sus fuerzas me dec\u00eca una persona hace d\u00ecas.<\/strong><\/p>\n<p><strong>Y ello es totalmente l\u00f2gico. Para quienes sus antepasados y lo que representan son parte de los due\u00f1os de la Espa\u00f1a de siempre, est\u00e0 en su ADN, reaccionar as\u00ec.<\/strong><\/p>\n<p><strong>Esta pugna es la que ha paralizado nuestra historia ciclicamente, la que no nos permite avanzar.<\/strong><\/p>\n<p><strong>En Espa\u00f1a, casi la mitad es de derechas,como en el resto de Europa.Se necesita en el sistema pol\u00ectico una derecha democr\u00e0tica, pero todav\u00eca no se ha logrado.<\/strong><\/p>\n<p><strong>El ADN lo llevamos todos. Recuerdo que en M\u00e8xico, cad vez que llov\u00eca o el d\u00eca estaba gris, yo era feliz, mientras en mi entorno no tanto. Hasta que llegue a Asturias lo entend\u00ec: son mis genes.<\/strong><\/p>\n<p><strong>Cuanto m\u00e0s tardemos en resolver este conflicto, m\u00e0s avanzaremos.<\/strong><\/p>\n<p><strong>Otra cosa es la ultraderecha actual la de Trump, la de mentir, y mentir,no razonar y desear que le vaya muy mal al proyecto que no es suyo.<\/strong><\/p>\n<p><strong>Hombres como Nu\u00f1ez Feij\u00f2, son claves en este proceso.<\/strong><\/p>\n<p><strong>Aznar, que tanto minti\u00f2 aquel viernes del atentado yihadista, respuesta a lo que \u00e8l habia hecho contra Irak, y que s\u00f2lo el actor principal, el pueblo llano fu\u00e8 capaz de evitar, lanzandose a la calle, no puede olvidar como lleg\u00f2 Zapatero.<\/strong><\/p>\n<p><strong>Alg\u00f9n d\u00eca se va a saber quien ha sido, realmente Jos\u00e8 Mar\u00eca Aznar, hoy el principal culpable de habere dividido a la derecha y de tener que estar en la oposici\u00f2n quiz\u00e0s cuatro a\u00f1os.<\/strong><\/p>\n<p><strong>Aznar, feliz con los sajones como Bush, y su empleado Bardaj\u00ec feliz con los angloajones como Trump y Bannon, quiz\u00e0s en su mente incosnciente traen una especie de envidia por lo que significaron en la historia los sajones y no nosotros.<\/strong><\/p>\n<!-- AddThis Advanced Settings generic via filter on the_content --><!-- AddThis Share Buttons generic via filter on the_content -->","protected":false},"excerpt":{"rendered":"<p>Hay que tratar de ser objetivos, lo m\u00e0s que se pueda. Una pregunta sobre una afirmaci\u00f2n de anoche del Presidente Pedro S\u00e0nchez, nos ha hecho pensar. Si uno agarra los trescientos \u00f9ltimos a\u00f1os de la historia de nuestro pa\u00ecs, es facil observar la hegemonia de la Monarqu\u00eca Borb\u00f2nica, de la Iglesia Cat\u00f2lica, de los latifunditas [&hellip;]<!-- AddThis Advanced Settings generic via filter on get_the_excerpt --><!-- AddThis Share Buttons generic via filter on get_the_excerpt --><\/p>\n","protected":false},"author":16,"featured_media":0,"comment_status":"open","ping_status":"closed","sticky":false,"template":"","format":"standard","meta":[],"categories":[1],"tags":[],"_links":{"self":[{"href":"https:\/\/blogs.elcomercio.es\/reflexiones-de-belarmino\/wp-json\/wp\/v2\/posts\/12886"}],"collection":[{"href":"https:\/\/blogs.elcomercio.es\/reflexiones-de-belarmino\/wp-json\/wp\/v2\/posts"}],"about":[{"href":"https:\/\/blogs.elcomercio.es\/reflexiones-de-belarmino\/wp-json\/wp\/v2\/types\/post"}],"author":[{"embeddable":true,"href":"https:\/\/blogs.elcomercio.es\/reflexiones-de-belarmino\/wp-json\/wp\/v2\/users\/16"}],"replies":[{"embeddable":true,"href":"https:\/\/blogs.elcomercio.es\/reflexiones-de-belarmino\/wp-json\/wp\/v2\/comments?post=12886"}],"version-history":[{"count":3,"href":"https:\/\/blogs.elcomercio.es\/reflexiones-de-belarmino\/wp-json\/wp\/v2\/posts\/12886\/revisions"}],"predecessor-version":[{"id":12889,"href":"https:\/\/blogs.elcomercio.es\/reflexiones-de-belarmino\/wp-json\/wp\/v2\/posts\/12886\/revisions\/12889"}],"wp:attachment":[{"href":"https:\/\/blogs.elcomercio.es\/reflexiones-de-belarmino\/wp-json\/wp\/v2\/media?parent=12886"}],"wp:term":[{"taxonomy":"category","embeddable":true,"href":"https:\/\/blogs.elcomercio.es\/reflexiones-de-belarmino\/wp-json\/wp\/v2\/categories?post=12886"},{"taxonomy":"post_tag","embeddable":true,"href":"https:\/\/blogs.elcomercio.es\/reflexiones-de-belarmino\/wp-json\/wp\/v2\/tags?post=12886"}],"curies":[{"name":"wp","href":"https:\/\/api.w.org\/{rel}","templated":true}]}}