{"id":12899,"date":"2020-01-22T11:40:51","date_gmt":"2020-01-22T10:40:51","guid":{"rendered":"https:\/\/blogs.elcomercio.es\/reflexiones-de-belarmino\/?p=12899"},"modified":"2020-01-22T11:40:51","modified_gmt":"2020-01-22T10:40:51","slug":"se-divide-el-gobierno-de-madrid-con-la-llegada-del-ultra-miguel-angel-rodriguez-como-jefe-de-gabinete-de-ayuso","status":"publish","type":"post","link":"https:\/\/blogs.elcomercio.es\/reflexiones-de-belarmino\/2020\/01\/22\/se-divide-el-gobierno-de-madrid-con-la-llegada-del-ultra-miguel-angel-rodriguez-como-jefe-de-gabinete-de-ayuso\/","title":{"rendered":"\u00a1\u00a1 SE DIVIDE EL GOBIERNO DE MADRID CON LA LLEGADA DEL ULTRA MIGUEL ANGEL RODRIGUEZ COMO JEFE DE GABINETE DE AYUSO !!"},"content":{"rendered":"<p><strong>El escenario est\u00e0 servido, amigos lectores. En el ring, Jos\u00e8 Mar\u00eca Aznar jugando su \u00f9ltima batalla, que va a perder,con el apoyo de los poderes f\u00e0cticos y Pedro Sanchez, en La Moncloa el presidente socialista m\u00e0s poderoso que Felipe Gonz\u00e0lez.<\/strong><\/p>\n<p><strong>Ayer Don Jos\u00e8 Mar\u00eca, con esa torpeza que cada vez es m\u00e0s habitual en \u00e8l, al colocar a su ultra Miguel Angel Rodriguez como Jefe de Gabinete de Isabel D\u00ecaz Ayuso, abri\u00f2 un boquete entre ella y Ciudadanos, y por ahi se va a ir. Va a la confrontaci\u00f2n con las 2 derechas.<\/strong><\/p>\n<p><strong>Pero Don Jos\u00e8 Mar\u00eca, va usted contra la historia.<\/strong><\/p>\n<p><strong>La Espa\u00f1a mayoritaria social y politicamente, es mucha Espa\u00f1a.<\/strong><\/p>\n<!-- AddThis Advanced Settings generic via filter on the_content --><!-- AddThis Share Buttons generic via filter on the_content -->","protected":false},"excerpt":{"rendered":"<p>El escenario est\u00e0 servido, amigos lectores. En el ring, Jos\u00e8 Mar\u00eca Aznar jugando su \u00f9ltima batalla, que va a perder,con el apoyo de los poderes f\u00e0cticos y Pedro Sanchez, en La Moncloa el presidente socialista m\u00e0s poderoso que Felipe Gonz\u00e0lez. Ayer Don Jos\u00e8 Mar\u00eca, con esa torpeza que cada vez es m\u00e0s habitual en \u00e8l, [&hellip;]<!-- AddThis Advanced Settings generic via filter on get_the_excerpt --><!-- AddThis Share Buttons generic via filter on get_the_excerpt --><\/p>\n","protected":false},"author":16,"featured_media":0,"comment_status":"open","ping_status":"closed","sticky":false,"template":"","format":"standard","meta":[],"categories":[1],"tags":[],"_links":{"self":[{"href":"https:\/\/blogs.elcomercio.es\/reflexiones-de-belarmino\/wp-json\/wp\/v2\/posts\/12899"}],"collection":[{"href":"https:\/\/blogs.elcomercio.es\/reflexiones-de-belarmino\/wp-json\/wp\/v2\/posts"}],"about":[{"href":"https:\/\/blogs.elcomercio.es\/reflexiones-de-belarmino\/wp-json\/wp\/v2\/types\/post"}],"author":[{"embeddable":true,"href":"https:\/\/blogs.elcomercio.es\/reflexiones-de-belarmino\/wp-json\/wp\/v2\/users\/16"}],"replies":[{"embeddable":true,"href":"https:\/\/blogs.elcomercio.es\/reflexiones-de-belarmino\/wp-json\/wp\/v2\/comments?post=12899"}],"version-history":[{"count":3,"href":"https:\/\/blogs.elcomercio.es\/reflexiones-de-belarmino\/wp-json\/wp\/v2\/posts\/12899\/revisions"}],"predecessor-version":[{"id":12902,"href":"https:\/\/blogs.elcomercio.es\/reflexiones-de-belarmino\/wp-json\/wp\/v2\/posts\/12899\/revisions\/12902"}],"wp:attachment":[{"href":"https:\/\/blogs.elcomercio.es\/reflexiones-de-belarmino\/wp-json\/wp\/v2\/media?parent=12899"}],"wp:term":[{"taxonomy":"category","embeddable":true,"href":"https:\/\/blogs.elcomercio.es\/reflexiones-de-belarmino\/wp-json\/wp\/v2\/categories?post=12899"},{"taxonomy":"post_tag","embeddable":true,"href":"https:\/\/blogs.elcomercio.es\/reflexiones-de-belarmino\/wp-json\/wp\/v2\/tags?post=12899"}],"curies":[{"name":"wp","href":"https:\/\/api.w.org\/{rel}","templated":true}]}}