{"id":12903,"date":"2020-01-22T13:56:57","date_gmt":"2020-01-22T12:56:57","guid":{"rendered":"https:\/\/blogs.elcomercio.es\/reflexiones-de-belarmino\/?p=12903"},"modified":"2020-01-22T13:56:57","modified_gmt":"2020-01-22T12:56:57","slug":"la-iglesia-debe-pagar-impuestos-antes-que-recibamos-al-nuevo-nuncio-carmen-calvo","status":"publish","type":"post","link":"https:\/\/blogs.elcomercio.es\/reflexiones-de-belarmino\/2020\/01\/22\/la-iglesia-debe-pagar-impuestos-antes-que-recibamos-al-nuevo-nuncio-carmen-calvo\/","title":{"rendered":"\u00a1\u00a1 &#8220;LA IGLESIA DEBE PAGAR IMPUESTOS ANTES QUE RECIBAMOS AL NUEVO NUNCIO &#8220;:CARMEN CALVO!!"},"content":{"rendered":"<p><strong>El gobierno va en serio. Ha recibidos golpes en dos a\u00f1os de todos. Ahora est\u00e0n en el Gobierno y las promesas empiezan a desgranarse.<\/strong><\/p>\n<p><strong>Hablabamos de como en una semana ha habido medidas que benefician a m\u00e0s de 12 millones de personas, entre otras cosas, en el Cosejo de Ministros.<\/strong><\/p>\n<p><strong>Si alguiene tiene grabado el papel de la Iglesia Cat\u00f2lica ante los enfrentamientos por el traslado de Franco, ella es Carmen Calvo.Bien hoy, en Davos con Pedro S\u00e0nchez, ella uno de los pilares del gobierno, ya hab\u00eca dejado la siguiente informaci\u00f2n.<\/strong><\/p>\n<p><strong>&#8220;LA IGLESIA CATOLICA TENDR\u00c0 QUE PAGAR LOS IMPUESTOS QUE LES CORRESPONDE, ANTES DE QUE EL GOBIERNO RECIBA AL NUEVO NUNCIO&#8221;.<\/strong><\/p>\n<p><strong>Seco.Si el Papa, sustituy\u00f2 fulminantemente al anterior nuncio Frateri, por op\u00f2nerse al cambio de los restos del dictador, y el rey acaba de recibir al nuevo nuncio un filipino, la respuesta del gobierno, no en funciones sino a pleno ritmo, a la Iglesia Cat\u00f2lica y su intromisi\u00f2n en el Pin Parental y otros temas, ha sido clara.Antes de que el gobierno reciba al nuevo Nuncio, paguen los impuestos que les corresponde y eso que no han sacado la lista de las 30,000 propiedades,entre ellas la Mezquita de C\u00f2rdoba, que figura a su nombre.<\/strong><\/p>\n<p><strong>El nuevo Nuncio, avisar\u00e0 al Papa, de la causa por que tardan en recibirlo.<\/strong><\/p>\n<p>&nbsp;<\/p>\n<!-- AddThis Advanced Settings generic via filter on the_content --><!-- AddThis Share Buttons generic via filter on the_content -->","protected":false},"excerpt":{"rendered":"<p>El gobierno va en serio. Ha recibidos golpes en dos a\u00f1os de todos. Ahora est\u00e0n en el Gobierno y las promesas empiezan a desgranarse. Hablabamos de como en una semana ha habido medidas que benefician a m\u00e0s de 12 millones de personas, entre otras cosas, en el Cosejo de Ministros. Si alguiene tiene grabado el [&hellip;]<!-- AddThis Advanced Settings generic via filter on get_the_excerpt --><!-- AddThis Share Buttons generic via filter on get_the_excerpt --><\/p>\n","protected":false},"author":16,"featured_media":0,"comment_status":"open","ping_status":"closed","sticky":false,"template":"","format":"standard","meta":[],"categories":[1],"tags":[],"_links":{"self":[{"href":"https:\/\/blogs.elcomercio.es\/reflexiones-de-belarmino\/wp-json\/wp\/v2\/posts\/12903"}],"collection":[{"href":"https:\/\/blogs.elcomercio.es\/reflexiones-de-belarmino\/wp-json\/wp\/v2\/posts"}],"about":[{"href":"https:\/\/blogs.elcomercio.es\/reflexiones-de-belarmino\/wp-json\/wp\/v2\/types\/post"}],"author":[{"embeddable":true,"href":"https:\/\/blogs.elcomercio.es\/reflexiones-de-belarmino\/wp-json\/wp\/v2\/users\/16"}],"replies":[{"embeddable":true,"href":"https:\/\/blogs.elcomercio.es\/reflexiones-de-belarmino\/wp-json\/wp\/v2\/comments?post=12903"}],"version-history":[{"count":2,"href":"https:\/\/blogs.elcomercio.es\/reflexiones-de-belarmino\/wp-json\/wp\/v2\/posts\/12903\/revisions"}],"predecessor-version":[{"id":12905,"href":"https:\/\/blogs.elcomercio.es\/reflexiones-de-belarmino\/wp-json\/wp\/v2\/posts\/12903\/revisions\/12905"}],"wp:attachment":[{"href":"https:\/\/blogs.elcomercio.es\/reflexiones-de-belarmino\/wp-json\/wp\/v2\/media?parent=12903"}],"wp:term":[{"taxonomy":"category","embeddable":true,"href":"https:\/\/blogs.elcomercio.es\/reflexiones-de-belarmino\/wp-json\/wp\/v2\/categories?post=12903"},{"taxonomy":"post_tag","embeddable":true,"href":"https:\/\/blogs.elcomercio.es\/reflexiones-de-belarmino\/wp-json\/wp\/v2\/tags?post=12903"}],"curies":[{"name":"wp","href":"https:\/\/api.w.org\/{rel}","templated":true}]}}