{"id":12906,"date":"2020-01-22T14:10:28","date_gmt":"2020-01-22T13:10:28","guid":{"rendered":"https:\/\/blogs.elcomercio.es\/reflexiones-de-belarmino\/?p=12906"},"modified":"2020-01-22T14:10:28","modified_gmt":"2020-01-22T13:10:28","slug":"esta-semana-habra-aumento-del-salario-minimo-interprofesional-una-ministra-a-quien-no-le-tiembla-el-pulso","status":"publish","type":"post","link":"https:\/\/blogs.elcomercio.es\/reflexiones-de-belarmino\/2020\/01\/22\/esta-semana-habra-aumento-del-salario-minimo-interprofesional-una-ministra-a-quien-no-le-tiembla-el-pulso\/","title":{"rendered":"\u00a1\u00a1ESTA SEMANA, HABR\u00c1 AUMENTO DEL SALARIO MINIMO INTERPROFESIONAL. UNA MINISTRA A QUIEN NO LE TIEMBLA EL PULSO !!"},"content":{"rendered":"<p><strong>Habl\u00f2 hace una semana que habr\u00eca que derogar las partes m\u00e0s lesivas de la Reforma Laboral y que hay que aumentar por encima de los 900 euros el Salario Minimo Interprofesional.<\/strong><\/p>\n<p><strong>Los empresarios, fundamentalmente un se\u00f1or Garamendi, reaccionaron que dureza. Pero, ella, tranquila, cit\u00f2 hoy a sindicatos y empresarios, para analizar el aumento del salario que beficiar\u00e0 a millones de espa\u00f1olas y espa\u00f1oles.<\/strong><\/p>\n<p><strong>Con el pie cambiado, se han reunido de urgencia los empresarios hoy en la ma\u00f1ana, sabedores de que hoy va a haber un acuerdo para subir el salario.<\/strong><\/p>\n<p><strong>Pero, en el peor de sus momentos, Standars &amp; Pools, declar\u00f2 hace una hora QUE HAY MARGEN EN ESPA\u00d1A PARA SUBIR LOS SALARIOS A LOS 1,000 EUROS.<\/strong><\/p>\n<p><strong>Nadie lo esperaba, pero hace un momento el Vicepresidente Pablo Iglesias, inform\u00f2 que vendr\u00eca en cualquier momento una noticia importante.<\/strong><\/p>\n<p><strong>Sin rodeos la Ministra Blanco de Unidas Podemos, tom\u00f2 una decisi\u00f2n para dar respuesta a los empresarios y poner en movimiento a los sindicatos. La reunion inmediata esta tarde de los agentes sociales con ella de donde surgir\u00e0 una decisi\u00f2n importante.<\/strong><\/p>\n<p><strong>\u00bf Ser\u00e0 el anuncio de un subida con efecto reatroactivo al 1 de enero de los salarios en Espa\u00f1a ?<\/strong><\/p>\n<!-- AddThis Advanced Settings generic via filter on the_content --><!-- AddThis Share Buttons generic via filter on the_content -->","protected":false},"excerpt":{"rendered":"<p>Habl\u00f2 hace una semana que habr\u00eca que derogar las partes m\u00e0s lesivas de la Reforma Laboral y que hay que aumentar por encima de los 900 euros el Salario Minimo Interprofesional. Los empresarios, fundamentalmente un se\u00f1or Garamendi, reaccionaron que dureza. Pero, ella, tranquila, cit\u00f2 hoy a sindicatos y empresarios, para analizar el aumento del salario [&hellip;]<!-- AddThis Advanced Settings generic via filter on get_the_excerpt --><!-- AddThis Share Buttons generic via filter on get_the_excerpt --><\/p>\n","protected":false},"author":16,"featured_media":0,"comment_status":"open","ping_status":"closed","sticky":false,"template":"","format":"standard","meta":[],"categories":[1],"tags":[],"_links":{"self":[{"href":"https:\/\/blogs.elcomercio.es\/reflexiones-de-belarmino\/wp-json\/wp\/v2\/posts\/12906"}],"collection":[{"href":"https:\/\/blogs.elcomercio.es\/reflexiones-de-belarmino\/wp-json\/wp\/v2\/posts"}],"about":[{"href":"https:\/\/blogs.elcomercio.es\/reflexiones-de-belarmino\/wp-json\/wp\/v2\/types\/post"}],"author":[{"embeddable":true,"href":"https:\/\/blogs.elcomercio.es\/reflexiones-de-belarmino\/wp-json\/wp\/v2\/users\/16"}],"replies":[{"embeddable":true,"href":"https:\/\/blogs.elcomercio.es\/reflexiones-de-belarmino\/wp-json\/wp\/v2\/comments?post=12906"}],"version-history":[{"count":3,"href":"https:\/\/blogs.elcomercio.es\/reflexiones-de-belarmino\/wp-json\/wp\/v2\/posts\/12906\/revisions"}],"predecessor-version":[{"id":12909,"href":"https:\/\/blogs.elcomercio.es\/reflexiones-de-belarmino\/wp-json\/wp\/v2\/posts\/12906\/revisions\/12909"}],"wp:attachment":[{"href":"https:\/\/blogs.elcomercio.es\/reflexiones-de-belarmino\/wp-json\/wp\/v2\/media?parent=12906"}],"wp:term":[{"taxonomy":"category","embeddable":true,"href":"https:\/\/blogs.elcomercio.es\/reflexiones-de-belarmino\/wp-json\/wp\/v2\/categories?post=12906"},{"taxonomy":"post_tag","embeddable":true,"href":"https:\/\/blogs.elcomercio.es\/reflexiones-de-belarmino\/wp-json\/wp\/v2\/tags?post=12906"}],"curies":[{"name":"wp","href":"https:\/\/api.w.org\/{rel}","templated":true}]}}