{"id":12957,"date":"2020-01-25T12:50:31","date_gmt":"2020-01-25T11:50:31","guid":{"rendered":"https:\/\/blogs.elcomercio.es\/reflexiones-de-belarmino\/?p=12957"},"modified":"2020-01-25T12:50:39","modified_gmt":"2020-01-25T11:50:39","slug":"muy-bien-sanchez-y-zapatero-felipe-se-quedo-en-la-epoca-de-los-saqueadores-de-america-latina-como-carlos-andres","status":"publish","type":"post","link":"https:\/\/blogs.elcomercio.es\/reflexiones-de-belarmino\/2020\/01\/25\/muy-bien-sanchez-y-zapatero-felipe-se-quedo-en-la-epoca-de-los-saqueadores-de-america-latina-como-carlos-andres\/","title":{"rendered":"\u00a1\u00a1MUY BIEN SANCHEZ Y ZAPATERO.- FELIPE SE QUED\u00d3 EN LA EPOCA DE LOS SAQUEADORES DE AMERICA LATINA COMO CARLOS ANDRES !!"},"content":{"rendered":"<p><strong>\u00bf Quien es Juan Guaid\u00f3?, \u00bfquien lo elegi\u00f2?. Todos los sabemos se autoproclam\u00f2 presidente de Venezuela, cuando los gringos se lo pidieron, para abrir la via armada.<br \/>\n<\/strong><\/p>\n<p><strong>En Espa\u00f1a hay socialistas que entienden el proceso de cambio y aquellos amigos de los presidentes de las oligarqu\u00ecas nacionales, como fu\u00e8 el caso de Felipe Gonz\u00e0lez con Carlos Adr\u00e8s Perez, que no entienden nada, ni siquiera su propio pa\u00ecs.<\/strong><\/p>\n<p><strong>El Gobierno de Coalici\u00f2n de Pedro Sanchez y Pablo Iglesias, no peones de los Estados Unidos, hicieron lo mismo que L\u00f2pez Obrador en M\u00e8xico y Alberto Fern\u00e0ndez de Argentina, que tampoco reconocen a Juan Guaid\u00f2 como nada.<\/strong><\/p>\n<p><strong>Por supuesto, fuera de los gobiernos, las derechas gritan, apoyan al pe\u00f2n , le dan las llaves de la ciudad de Madrid, y todos los millones que han tenido que salir, por el intento desestabilizacai\u00f2n de los Estados Unidos, ubican todo el peso en aquel regimen que NUNCA NADIE HA PODIDO TIRAR DEMOCRATICAMENTE.<\/strong><\/p>\n<p><strong>La oposici\u00f2n est\u00e0 tan dividida en Venezuela, que hoy el nuevo Presidente del Parlamento en lugar de Guaid\u00f2, es un opositor al chavismo, pero que no est\u00e0 de acuerdo con la intervencion militar.<\/strong><\/p>\n<p><strong>Ministro Abalos, hizo bien, lo mismo que en M\u00e8xico.Ante las presiones de los antibolivarianos que quer\u00ecan aprovechar que Maduro estuviera en la toma de posesi\u00f2n para armarla, mando a uno de sus ministros,pidiendole su ayuda para no prestarse a esa provocaci\u00f2n y que se ver\u00ecan en Palacio Nacional en la comida, como as\u00ec fue.<\/strong><\/p>\n<p><strong>La pol\u00ectica es as\u00ec.<\/strong><\/p>\n<p><strong>El Gobierno venezolano ha sugerido CONVOCAR ELECCIONES CON LA SUPERVISION DE LA ONU, para dirimir el conflicto.<\/strong><\/p>\n<p><strong>Pero los gringos son los gringos.Si en su patio trasero estaban las mayores reservas de petroleo y de litio en el mundo, palo.<\/strong><\/p>\n<p><strong>\u00bf Por que no han podido invadir a Cuba, tras Playa Gir\u00f2n hace 45 a\u00f1os?. \u00bfPor que no invaden a Venezuela?. Por que tendr\u00ecan ah\u00ed su Vietnam.?<\/strong><\/p>\n<p><strong>\u00bf Como sabemos en Europa quie pasa en Am\u00e8rica Latina?. Por que todas las agencia UPI, AP, Reuters, AFP , son de las potencias reinas del mundo occidental.Y los diarios , la mayor\u00eca de las oligarqu\u00ecas locales.<\/strong><\/p>\n<p><strong>A veces no olvidamos que los Estados Unidos, nos arrebataron a Cuba, tras la campa\u00f1a de todos los diarios y radios de William Hearst, que publicaba: &#8221; Espa\u00f1a nos quiere invadir&#8221;,&#8221; est\u00e0n ya cerca de la costa&#8221;.Una vez creada la opini\u00f2n p\u00f9blica, bombardearon el Maine y nos echaron.\u00a0 Am\u00e8rica s\u00f2lo para los Am\u00e8ricanos y nos dieron la patada.<\/strong><\/p>\n<p><strong>Es la historia del imperio.<\/strong><\/p>\n<p>&nbsp;<\/p>\n<p>&nbsp;<\/p>\n<!-- AddThis Advanced Settings generic via filter on the_content --><!-- AddThis Share Buttons generic via filter on the_content -->","protected":false},"excerpt":{"rendered":"<p>\u00bf Quien es Juan Guaid\u00f3?, \u00bfquien lo elegi\u00f2?. Todos los sabemos se autoproclam\u00f2 presidente de Venezuela, cuando los gringos se lo pidieron, para abrir la via armada. En Espa\u00f1a hay socialistas que entienden el proceso de cambio y aquellos amigos de los presidentes de las oligarqu\u00ecas nacionales, como fu\u00e8 el caso de Felipe Gonz\u00e0lez con [&hellip;]<!-- AddThis Advanced Settings generic via filter on get_the_excerpt --><!-- AddThis Share Buttons generic via filter on get_the_excerpt --><\/p>\n","protected":false},"author":16,"featured_media":0,"comment_status":"open","ping_status":"closed","sticky":false,"template":"","format":"standard","meta":[],"categories":[1],"tags":[],"_links":{"self":[{"href":"https:\/\/blogs.elcomercio.es\/reflexiones-de-belarmino\/wp-json\/wp\/v2\/posts\/12957"}],"collection":[{"href":"https:\/\/blogs.elcomercio.es\/reflexiones-de-belarmino\/wp-json\/wp\/v2\/posts"}],"about":[{"href":"https:\/\/blogs.elcomercio.es\/reflexiones-de-belarmino\/wp-json\/wp\/v2\/types\/post"}],"author":[{"embeddable":true,"href":"https:\/\/blogs.elcomercio.es\/reflexiones-de-belarmino\/wp-json\/wp\/v2\/users\/16"}],"replies":[{"embeddable":true,"href":"https:\/\/blogs.elcomercio.es\/reflexiones-de-belarmino\/wp-json\/wp\/v2\/comments?post=12957"}],"version-history":[{"count":4,"href":"https:\/\/blogs.elcomercio.es\/reflexiones-de-belarmino\/wp-json\/wp\/v2\/posts\/12957\/revisions"}],"predecessor-version":[{"id":12961,"href":"https:\/\/blogs.elcomercio.es\/reflexiones-de-belarmino\/wp-json\/wp\/v2\/posts\/12957\/revisions\/12961"}],"wp:attachment":[{"href":"https:\/\/blogs.elcomercio.es\/reflexiones-de-belarmino\/wp-json\/wp\/v2\/media?parent=12957"}],"wp:term":[{"taxonomy":"category","embeddable":true,"href":"https:\/\/blogs.elcomercio.es\/reflexiones-de-belarmino\/wp-json\/wp\/v2\/categories?post=12957"},{"taxonomy":"post_tag","embeddable":true,"href":"https:\/\/blogs.elcomercio.es\/reflexiones-de-belarmino\/wp-json\/wp\/v2\/tags?post=12957"}],"curies":[{"name":"wp","href":"https:\/\/api.w.org\/{rel}","templated":true}]}}