{"id":13049,"date":"2020-01-31T12:11:18","date_gmt":"2020-01-31T11:11:18","guid":{"rendered":"https:\/\/blogs.elcomercio.es\/reflexiones-de-belarmino\/?p=13049"},"modified":"2020-01-31T12:11:18","modified_gmt":"2020-01-31T11:11:18","slug":"hoy-sale-el-reino-unido-pero-surge-el-miedo-de-que-sea-el-singapur-de-europa","status":"publish","type":"post","link":"https:\/\/blogs.elcomercio.es\/reflexiones-de-belarmino\/2020\/01\/31\/hoy-sale-el-reino-unido-pero-surge-el-miedo-de-que-sea-el-singapur-de-europa\/","title":{"rendered":"\u00a1\u00a1 HOY SALE EL REINO UNIDO, PERO SURGE EL MIEDO DE QUE SEA EL SINGAPUR DE EUROPA !!"},"content":{"rendered":"<p><strong>Bien, casi 50 a\u00f1os m\u00e0s tarde, el Reino Unido, sale de la Uni\u00f2n Europea.\u00a0 No es casual que haya sido el m\u00e0s poderoso imperio mundial, ya no s\u00f2lo de Occidente, y que en 1902 al morir la reina Victoria, eran due\u00f1os de las 2\/3 partes del territorio mundial y con una riqueza del 3 \/5 de la riqueza mundial.<\/strong><\/p>\n<p><strong>Bueno, permitanme recordar que cuando en 1870 se reparten 7 potencias Africa, el sobrino de la Reina Victoria el Kaiser Guillermo II, le reclama a la t\u00eca, por que se quedaba con los 2 grandes volcanes del este de Africa y Victoria, generosa, manda cambiar con una linea el mapa y el Kilimanjaro se lo regala a su sobrino.<\/strong><\/p>\n<p><strong>Bueno, ese era el Reino Unido.<\/strong><\/p>\n<p><strong>Ahora sale y muchos los consideran un error por que queda aislada en su Isla de toda Europa,como a lo largo de la historia, pero algunos lo ven con preocupaci\u00f2n.<\/strong><\/p>\n<p><strong>De una Europa ahora con 27,gran elefante dificil de mover, ellos vuelven a su islita pero con el apoyo total de los Esatados Unidos, su City Financiera tan poderosa.<\/strong><\/p>\n<p><strong>Y entonces muchos expertos en Europa temen algo. Que el Reino Unido SE CONVIERTA EN EL SINGAPUR a la orilla de Europa.<\/strong><\/p>\n<p><strong>Singapur se ha hecho poderoso, por su regimen fiscal tan ductil.<\/strong><\/p>\n<p><strong>Hay quienes piensan, que los grandes capitales europeos van a aterrizar all\u00ec por que los impuestos, sobre todo para las Sociedades, van a ser los m\u00e0s econ\u00f2micos.El Reino Unido ser\u00eca el Singapur pero en las narices de Europa.<\/strong><\/p>\n<p><strong>El Reino Unido, no de puntada sin hilo.<\/strong><\/p>\n<!-- AddThis Advanced Settings generic via filter on the_content --><!-- AddThis Share Buttons generic via filter on the_content -->","protected":false},"excerpt":{"rendered":"<p>Bien, casi 50 a\u00f1os m\u00e0s tarde, el Reino Unido, sale de la Uni\u00f2n Europea.\u00a0 No es casual que haya sido el m\u00e0s poderoso imperio mundial, ya no s\u00f2lo de Occidente, y que en 1902 al morir la reina Victoria, eran due\u00f1os de las 2\/3 partes del territorio mundial y con una riqueza del 3 \/5 [&hellip;]<!-- AddThis Advanced Settings generic via filter on get_the_excerpt --><!-- AddThis Share Buttons generic via filter on get_the_excerpt --><\/p>\n","protected":false},"author":16,"featured_media":0,"comment_status":"open","ping_status":"closed","sticky":false,"template":"","format":"standard","meta":[],"categories":[1],"tags":[],"_links":{"self":[{"href":"https:\/\/blogs.elcomercio.es\/reflexiones-de-belarmino\/wp-json\/wp\/v2\/posts\/13049"}],"collection":[{"href":"https:\/\/blogs.elcomercio.es\/reflexiones-de-belarmino\/wp-json\/wp\/v2\/posts"}],"about":[{"href":"https:\/\/blogs.elcomercio.es\/reflexiones-de-belarmino\/wp-json\/wp\/v2\/types\/post"}],"author":[{"embeddable":true,"href":"https:\/\/blogs.elcomercio.es\/reflexiones-de-belarmino\/wp-json\/wp\/v2\/users\/16"}],"replies":[{"embeddable":true,"href":"https:\/\/blogs.elcomercio.es\/reflexiones-de-belarmino\/wp-json\/wp\/v2\/comments?post=13049"}],"version-history":[{"count":3,"href":"https:\/\/blogs.elcomercio.es\/reflexiones-de-belarmino\/wp-json\/wp\/v2\/posts\/13049\/revisions"}],"predecessor-version":[{"id":13052,"href":"https:\/\/blogs.elcomercio.es\/reflexiones-de-belarmino\/wp-json\/wp\/v2\/posts\/13049\/revisions\/13052"}],"wp:attachment":[{"href":"https:\/\/blogs.elcomercio.es\/reflexiones-de-belarmino\/wp-json\/wp\/v2\/media?parent=13049"}],"wp:term":[{"taxonomy":"category","embeddable":true,"href":"https:\/\/blogs.elcomercio.es\/reflexiones-de-belarmino\/wp-json\/wp\/v2\/categories?post=13049"},{"taxonomy":"post_tag","embeddable":true,"href":"https:\/\/blogs.elcomercio.es\/reflexiones-de-belarmino\/wp-json\/wp\/v2\/tags?post=13049"}],"curies":[{"name":"wp","href":"https:\/\/api.w.org\/{rel}","templated":true}]}}